{"id":12431,"date":"2017-12-22T13:12:41","date_gmt":"2017-12-22T12:12:41","guid":{"rendered":"https:\/\/www.csfconsulting.es\/?p=12431\/"},"modified":"2017-12-22T14:20:28","modified_gmt":"2017-12-22T13:20:28","slug":"dias-inhabiles-2018","status":"publish","type":"post","link":"https:\/\/www.csfconsulting.es\/en\/dias-inhabiles-2018\/","title":{"rendered":"D\u00edas Inh\u00e1biles 2018"},"content":{"rendered":"<h2>En el BOE del d\u00eda 18 de diciembre se ha aprobado el calendario de d\u00edas inh\u00e1biles en el \u00e1mbito de la Administraci\u00f3n General del Estado.<\/h2>\n<p>Le informamos que puede consultar el calendario de d\u00edas inh\u00e1biles para el 2018 de las distintas comunidades aut\u00f3nomas. Pueden ponerse en contacto con nosotros para cualquier duda o aclaraci\u00f3n que puedan tener al respecto.<\/p>\n<p>Son d\u00edas inh\u00e1biles:<\/p>\n<ul>\n<li>En todo el territorio nacional: los s\u00e1bados, los domingos y los d\u00edas declarados como fiestas de \u00e1mbito nacional no sustituibles, o sobre las que la totalidad de las Comunidades Aut\u00f3nomas no ha ejercido la facultad de sustituci\u00f3n.<\/li>\n<li>En el \u00e1mbito territorial de las Comunidades Aut\u00f3nomas: aquellos d\u00edas determinados por cada Comunidad Aut\u00f3noma como festivos.<\/li>\n<li>En los \u00e1mbitos territoriales de las Entidades que integral la Administraci\u00f3n Local: los d\u00edas que establezcan las respectivas Comunidades Aut\u00f3nomas en sus correspondientes calendarios de d\u00edas inh\u00e1biles.<\/li>\n<\/ul>\n<h3>Calendario de d\u00edas Inh\u00e1biles 2018<\/h3>\n<p><strong>Enero:<\/strong> Todos los s\u00e1bados y domingos del mes.<\/p>\n<p>D\u00edas 1 y 6: Inh\u00e1biles en todo el territorio nacional<\/p>\n<p><strong>Febrero:\u00a0<\/strong>Todo los s\u00e1bados y domingos del mes.<\/p>\n<p>D\u00eda 28: Inh\u00e1bil en la CCAA de Andaluc\u00eda.<\/p>\n<p><strong>Marzo:<\/strong> Todos los s\u00e1bados y domingos del mes.<\/p>\n<p>D\u00eda 1: Inh\u00e1bil en la CCAA de Illes Balears.<\/p>\n<p>D\u00eda 19: Inh\u00e1bil en las CCAA de Valencia y Murcia.<\/p>\n<p>D\u00eda 29: Inh\u00e1bil en las CCAA de Andaluc\u00eda, Arag\u00f3n, Asturias, Illes Balears, Canarias, Castilla- La Mancha y Castilla y Le\u00f3n, Extremadura, Galicia, Madrid, Murcia, Navarra, Pa\u00eds Vasco, La Rioja, Ciudad de Ceuta y Ciudad de Melilla.<\/p>\n<p>D\u00eda 30: Inh\u00e1bil en todo el territorio nacional.<\/p>\n<p><strong>Abril:<\/strong> Todos los s\u00e1bados y domingos del mes.<\/p>\n<p>D\u00eda 2: Inh\u00e1bil en las CCAA de Illes Balears, Catalu\u00f1a, Valencia, Navarra y Pa\u00eds Vasco.<\/p>\n<p>D\u00eda 23: Inh\u00e1bil en las CCAA de Arag\u00f3n y Castilla y Le\u00f3n.<\/p>\n<p><strong>Mayo:<\/strong> Todos los s\u00e1bados y domingos del mes<\/p>\n<p>D\u00eda 1: Inh\u00e1bil en todo el territorio nacional.<\/p>\n<p>D\u00eda 2: Inh\u00e1bil en la CCAA de Madrid.<\/p>\n<p>D\u00eda 17: Inh\u00e1bil en la CCAA de Galicia.<\/p>\n<p>D\u00eda 30: Inh\u00e1bil en la CCAA de Canarias.<\/p>\n<p>D\u00eda 31: Inh\u00e1bil en la CCAA de Castilla- La Mancha.<\/p>\n<p><strong>Junio:<\/strong> Todos los s\u00e1bados y domingos del mes.<\/p>\n<p>D\u00eda 9: Inh\u00e1bil en las CCAA de Murcia y la Rioja.<\/p>\n<p><strong>Julio:<\/strong> Todos los s\u00e1bados y domingos del mes.<\/p>\n<p>D\u00eda 25: Inh\u00e1bil en la CCAA de Galicia.<\/p>\n<p>D\u00eda 28: Inh\u00e1bil en la CCAA de Cantabria.<\/p>\n<p><strong>Agosto:<\/strong> Todos los s\u00e1bados y domingos del mes.<\/p>\n<p>D\u00eda 15: Inh\u00e1bil en todo el territorio nacional.<\/p>\n<p>D\u00eda 22: Inh\u00e1bil en las CCAA de Ciudad de Ceuta y Ciudad de Melilla.<\/p>\n<p><strong>Septiembre:<\/strong> Todos los s\u00e1bados y domingos del mes.<\/p>\n<p>D\u00eda 8: Inh\u00e1bil en las CCAA de Asturias y Extremadura.<\/p>\n<p>D\u00eda 11: Inh\u00e1bil en la CCAA de Catalu\u00f1a.<\/p>\n<p>D\u00eda 15: Inh\u00e1bil en la CCAA de Cantabria.<\/p>\n<p><strong>Octubre:<\/strong> Todos los s\u00e1bados y domingos del mes.<\/p>\n<p>D\u00eda 9: Inh\u00e1bil en la CCAA de Valencia.<\/p>\n<p>D\u00eda 12: Inh\u00e1bil en todo el territorio nacional.<\/p>\n<p><strong>Noviembre:<\/strong> Todos los s\u00e1bados y domingos del mes.<\/p>\n<p>D\u00eda 1: Inh\u00e1bil en todo el territorio nacional.<\/p>\n<p><strong>Diciembre:<\/strong> Todos los s\u00e1bados y domingos del mes.<\/p>\n<p>D\u00eda 6: Inh\u00e1bil en todo el territorio nacional.<\/p>\n<p>D\u00eda 8: Inh\u00e1bil en todo el territorio nacional.<\/p>\n<p>D\u00eda 25: Inh\u00e1bil en todo el territorio nacional.<\/p>\n<p>D\u00eda 26: Inh\u00e1bil en la CCAA de Catalu\u00f1a.<\/p>\n<h3>Canarias<\/h3>\n<p>En la Comunidad Aut\u00f3noma de Canarias, el Decreto 165\/2017, de 12 de junio, y el Decreto 209\/2017, de 25 de septiembre, por los que se determina el Calendario de fiestas laborales de la Comunidad Aut\u00f3noma de Canarias para el a\u00f1o 2018 (BOC de 19-06-2017 y de 29-09-2017) dispone que: En las islas de El Hierro, Fuerteventura, Gran Canaria, La Gomera, La Palma y Lanzarote y Tenerife, las fiestas laborales ser\u00e1n, adem\u00e1s, las siguientes: en El Hierro el 24 de septiembre, festividad de Nuestra Se\u00f1ora de los Reyes; en Fuerteventura el 14 de septiembre, festividad de Nuestra Se\u00f1ora de la Pe\u00f1a; en Gran Canaria: el 8 de septiembre, festividad de Nuestra Se\u00f1ora del Pino; en la Gomera: el 9 de octubre, festividad de Nuestra Se\u00f1ora de Guadalupe; en La Palma: el 29 de septiembre, festividad de San Miguel Arc\u00e1ngel: en Lanzarote: el 15 de septiembre, festividad de Nuestra Se\u00f1ora de los Dolores; en Tenerife: el 2 de febrero, festividad de la Virgen de Candelaria. Asimismo se dispone que: \u00abPara el a\u00f1o 2018, se declara el 29 de marzo, Jueves Santo, como fiesta de car\u00e1cter recuperable\u00bb.<\/p>\n<h3>Catalu\u00f1a<\/h3>\n<p>En la Comunidad Aut\u00f3noma de Catalu\u00f1a, la Orden TSF\/101\/2017, de 25 de mayo, por la que se establece el calendario oficial de fiestas laborales en Catalu\u00f1a para el a\u00f1o 2018 (\u00abDOGC\u00bb de 31 de mayo de 2017) dispone que: \u00abDe las trece fiestas citadas\u2026 hay una, a elegir entre el 2 de abril (Lunes de Pascua Florida), y el 26 de diciembre (San Esteban) que tiene car\u00e1cter de recuperable. Las otras doce son de car\u00e1cter retribuido y no recuperable. Asimismo, se dispone que: \u00abEn el territorio de Ar\u00e1n, visto que el d\u00eda 17 de junio (Fiesta de Ar\u00e1n) en 2018 coincide en domingo\u2026 al igual que en el resto de Catalu\u00f1a, ser\u00e1 fiesta el d\u00eda 26 de diciembre (San Esteban)\u00bb.<\/p>\n<h3>Illes Balears<\/h3>\n<p>En la Comunidad Aut\u00f3noma de Illes Balears, el Acuerdo del Consejo de Gobierno de 7 de julio de 2017, por el que se aprueba el calendario de fiestas para el a\u00f1o 2018 en el \u00e1mbito de les Illes Balears (\u00abBOIB\u00bb de 8-07-2017) dispone que: \u00abDe las trece fiestas indicadas\u2026 el d\u00eda 6 de enero, Epifan\u00eda del Se\u00f1or, ser\u00e1 de car\u00e1cter recuperable\u00bb.<\/p>\n<h3>Comunidad Valenciana<\/h3>\n<p>En la Comunidad Valenciana, en el Decreto del Consell por el que se determina el calendario laboral de aplicaci\u00f3n en el \u00e1mbito territorial de la Comunitat Valenciana para el a\u00f1o 2018 \u00abse propone como fiesta recuperable el 6 de enero (Epifan\u00eda del Se\u00f1or).<\/p>\n<h3>Comunidad de Murcia<\/h3>\n<p>En la Comunidad de Murcia, en el Acuerdo alcanzado por el Consejo de Gobierno de la Regi\u00f3n de Murcia, se se\u00f1ala con car\u00e1cter retribuido y recuperable \u00abEl s\u00e1bado d\u00eda 6 de enero, Epifan\u00eda del Se\u00f1or en ejercicio de la opci\u00f3n establecida en el art\u00edculo 37.2 del Estatuto de los Trabajadores\u00bb.<\/p>\n<h3>Galicia<\/h3>\n<p>En la Comunidad Aut\u00f3noma de Galicia, el Decreto 86\/2017, de 7 de septiembre, por el que se determinan las fiestas de la Comunidad Aut\u00f3noma de Galicia del calendario laboral para el a\u00f1o 2018 (\u00abDOG\u00bb de 14-09-2017) dispone que: \u00ab\u2026el d\u00eda 17 de Mayo, D\u00eda de las Letras Gallegas, \u2026tendr\u00e1 car\u00e1cter recuperable\u00bb.<\/p>\n<p>Pueden ponerse en contacto con este despacho profesional para cualquier duda o aclaraci\u00f3n que puedan tener al respecto.<\/p>\n<p>Para descargarse el texto de la publicaci\u00f3n, <a href=\"https:\/\/www.csfconsulting.es\/wp-content\/uploads\/Dias-inhabiles-2018.pdf\" target=\"_blank\" rel=\"noopener\">pulse aqu\u00ed.<\/a><\/p>\n<p><strong>CSF Consulting Abogados y Economistas,<\/strong><\/p>\n","protected":false},"excerpt":{"rendered":"<p>En el BOE del d\u00eda 18 de diciembre se ha aprobado el calendario de d\u00edas inh\u00e1biles en el \u00e1mbito de la Administraci\u00f3n General del Estado. Le informamos que puede consultar el calendario de d\u00edas inh\u00e1biles para el 2018 de las distintas comunidades aut\u00f3nomas. Pueden ponerse en contacto con nosotros para cualquier duda o aclaraci\u00f3n que&hellip;<\/p>\n","protected":false},"author":2,"featured_media":9735,"comment_status":"open","ping_status":"open","sticky":false,"template":"","format":"standard","meta":{"footnotes":""},"categories":[1],"tags":[113],"class_list":["post-12431","post","type-post","status-publish","format-standard","has-post-thumbnail","hentry","category-noticias","tag-mercantil","category-1","description-off"],"_links":{"self":[{"href":"https:\/\/www.csfconsulting.es\/en\/wp-json\/wp\/v2\/posts\/12431","targetHints":{"allow":["GET"]}}],"collection":[{"href":"https:\/\/www.csfconsulting.es\/en\/wp-json\/wp\/v2\/posts"}],"about":[{"href":"https:\/\/www.csfconsulting.es\/en\/wp-json\/wp\/v2\/types\/post"}],"author":[{"embeddable":true,"href":"https:\/\/www.csfconsulting.es\/en\/wp-json\/wp\/v2\/users\/2"}],"replies":[{"embeddable":true,"href":"https:\/\/www.csfconsulting.es\/en\/wp-json\/wp\/v2\/comments?post=12431"}],"version-history":[{"count":0,"href":"https:\/\/www.csfconsulting.es\/en\/wp-json\/wp\/v2\/posts\/12431\/revisions"}],"wp:featuredmedia":[{"embeddable":true,"href":"https:\/\/www.csfconsulting.es\/en\/wp-json\/wp\/v2\/media\/9735"}],"wp:attachment":[{"href":"https:\/\/www.csfconsulting.es\/en\/wp-json\/wp\/v2\/media?parent=12431"}],"wp:term":[{"taxonomy":"category","embeddable":true,"href":"https:\/\/www.csfconsulting.es\/en\/wp-json\/wp\/v2\/categories?post=12431"},{"taxonomy":"post_tag","embeddable":true,"href":"https:\/\/www.csfconsulting.es\/en\/wp-json\/wp\/v2\/tags?post=12431"}],"curies":[{"name":"wp","href":"https:\/\/api.w.org\/{rel}","templated":true}]}}