{"id":12735,"date":"2018-05-22T15:22:15","date_gmt":"2018-05-22T13:22:15","guid":{"rendered":"https:\/\/www.csfconsulting.es\/?p=12735\/"},"modified":"2018-05-22T15:53:26","modified_gmt":"2018-05-22T13:53:26","slug":"hasta-el-30-de-junio-puede-modificar-la-base-de-cotizacion-como-autonomo","status":"publish","type":"post","link":"https:\/\/www.csfconsulting.es\/en\/hasta-el-30-de-junio-puede-modificar-la-base-de-cotizacion-como-autonomo\/","title":{"rendered":"Hasta el 30 de Junio Puede Modificar la Base de Cotizaci\u00f3n como Aut\u00f3nomo"},"content":{"rendered":"<p>Como ya le hemos venido informando, desde el pasado 01-01-2018, se establece que los aut\u00f3nomos podr\u00e1n cambiar de base de cotizaci\u00f3n hasta 4 veces al a\u00f1o (el d\u00eda primero de abril, julio, octubre y enero). Hasta entonces, s\u00f3lo se permiten 2 cambios al a\u00f1o (antes del 1 de mayo, con efectos desde el primero de julio siguiente; y antes del primero de noviembre, con efecto desde el primero de enero del ejercicio siguiente).<\/p>\n<p>Pues bien, le recordamos que hasta el 30 de junio de 2018 inclusive,\u00a0 y con efectos para el 1 de julio, tienen la oportunidad de modificar la base de cotizaci\u00f3n del R\u00e9gimen Especial de Trabajadores Aut\u00f3nomos (RETA) y la cuota a pagar, dentro de los l\u00edmites permitidos seg\u00fan su edad.<\/p>\n<p>Adem\u00e1s, tambi\u00e9n puede solicitar que la cuant\u00eda por la que cotiza se vaya incrementando autom\u00e1ticamente cada a\u00f1o en la misma proporci\u00f3n que lo haya hecho la base m\u00ednima o m\u00e1xima de cotizaci\u00f3n, o comunicar que renuncia a dicho incremento, todo lo cual deber\u00e1 comunicarlo tambi\u00e9n antes del 1 de julio.<\/p>\n<p>Adjuntamos, a t\u00edtulo de ejemplo, escala comparativa con algunas opciones <em>(importes vigentes en 2018):<\/em><\/p>\n<table width=\"0\">\n<tbody>\n<tr>\n<td width=\"269\">Base de cotizaci\u00f3n<\/p>\n<p>\u20ac\/mes<\/td>\n<td width=\"151\">Tipo de Cotizaci\u00f3n<\/p>\n<p><em>contingencias comunes <\/em><\/p>\n<p>cobertura IT<\/td>\n<td width=\"198\">Cuota a pagar<\/p>\n<p>\u20ac\/mes<\/td>\n<\/tr>\n<tr>\n<td width=\"269\"><strong>919,80<\/strong><\/p>\n<p><em>&#8211; m\u00ednima 2018 &#8211;<\/em><\/td>\n<td width=\"151\">29,90 % <strong>* <\/strong><\/td>\n<td width=\"198\"><strong>275,02 <\/strong><\/td>\n<\/tr>\n<tr>\n<td width=\"269\"><strong>992,10<\/strong><\/p>\n<p><em>m\u00ednima para trabajadores de 48\u00a0 o m\u00e1s a 01-01-2018, salvo excepciones<\/em><\/td>\n<td width=\"151\">29,90 %<\/td>\n<td width=\"198\">296,64<\/td>\n<\/tr>\n<tr>\n<td width=\"269\">1.000<\/td>\n<td width=\"151\">29,90 %<\/td>\n<td width=\"198\">299<\/td>\n<\/tr>\n<tr>\n<td width=\"269\">1.202<\/td>\n<td width=\"151\">29,90 %<\/td>\n<td width=\"198\">359,40<\/td>\n<\/tr>\n<tr>\n<td width=\"269\"><strong>2.023,50<\/strong><\/p>\n<p><em>m\u00e1xima para trabajadores de 47, 48 a\u00f1os o m\u00e1s, salvo excepciones<\/em><\/p>\n<p><strong><em>\u00a0<\/em><\/strong><\/td>\n<td width=\"151\">29,90 %<\/td>\n<td width=\"198\">605,03<\/td>\n<\/tr>\n<tr>\n<td width=\"269\"><strong>3.751,20<\/strong><\/p>\n<p>&#8211; m\u00e1xima en 2018 &#8211;<\/td>\n<td width=\"151\">29,90 %<\/td>\n<td width=\"198\">1.121,61<\/td>\n<\/tr>\n<\/tbody>\n<\/table>\n<p><em>\u00a0<\/em><\/p>\n<p><strong>*<\/strong> <em>29,90 % = 29,80 % + 0,1 % (para los aut\u00f3nomos sin protecci\u00f3n por contingencias derivadas de accidentes de trabajo, enfermedades profesionales y cese de actividad)<\/em><\/p>\n<p><strong>La base m\u00ednima<\/strong> de cotizaci\u00f3n del aut\u00f3nomo que en alg\u00fan momento del a\u00f1o 2017 y de manera simult\u00e1nea hay tenido contratado <strong>10 o m\u00e1s trabajadores<\/strong> por cuenta ajena, as\u00ed como la del <strong>aut\u00f3nomo societario<\/strong> es de<strong> 1.199,10<\/strong> euros mensuales (grupo de cotizaci\u00f3n 1 del R\u00e9gimen General).<\/p>\n<p>Asimismo, les informamos que los trabajadores aut\u00f3nomos que, a 1 de enero de 2018, tengan <strong>47 a\u00f1os<\/strong> de edad <strong>y cotizan<\/strong> en el RETA por una base inferior a 2.023,50 \u20ac mensuales no podr\u00e1n elegir una base superior a 2.023,50 \u20ac, <strong>salvo que<\/strong> ejerciten su opci\u00f3n en tal sentido <strong>antes del 30 de junio de 2018.<\/strong>\u00a0 Esta modificaci\u00f3n tendr\u00e1 efectos a partir del <strong>1 de julio de 2018.<\/strong><\/p>\n<p>Si est\u00e1 interesado en modificar la base de cotizaci\u00f3n (con la finalidad de aumentar la base de c\u00e1lculo de la jubilaci\u00f3n o la baja de incapacidad temporal), les agradecer\u00edamos que nos lo hicieran saber con la m\u00e1xima antelaci\u00f3n posible.<\/p>\n<p>Pueden ponerse en contacto con este despacho profesional para cualquier duda o aclaraci\u00f3n que puedan tener al respecto.<\/p>\n<p>Para descargarse el texto de la publicaci\u00f3n, <a href=\"https:\/\/www.csfconsulting.es\/wp-content\/uploads\/Puede-modificar-base-cotizacion-autonomo-hasta-30-junio-27.docx.pdf\" target=\"_blank\" rel=\"noopener\">pulse aqu\u00ed<\/a>.<\/p>\n<p><strong>CSF Consulting Abogados y Economistas,<\/strong><\/p>\n","protected":false},"excerpt":{"rendered":"<p>Como ya le hemos venido informando, desde el pasado 01-01-2018, se establece que los aut\u00f3nomos podr\u00e1n cambiar de base de cotizaci\u00f3n hasta 4 veces al a\u00f1o (el d\u00eda primero de abril, julio, octubre y enero). Hasta entonces, s\u00f3lo se permiten 2 cambios al a\u00f1o (antes del 1 de mayo, con efectos desde el primero de&hellip;<\/p>\n","protected":false},"author":2,"featured_media":10403,"comment_status":"open","ping_status":"open","sticky":false,"template":"","format":"standard","meta":{"footnotes":""},"categories":[1],"tags":[102],"class_list":["post-12735","post","type-post","status-publish","format-standard","has-post-thumbnail","hentry","category-noticias","tag-laboral-y-seguridad-social","category-1","description-off"],"_links":{"self":[{"href":"https:\/\/www.csfconsulting.es\/en\/wp-json\/wp\/v2\/posts\/12735","targetHints":{"allow":["GET"]}}],"collection":[{"href":"https:\/\/www.csfconsulting.es\/en\/wp-json\/wp\/v2\/posts"}],"about":[{"href":"https:\/\/www.csfconsulting.es\/en\/wp-json\/wp\/v2\/types\/post"}],"author":[{"embeddable":true,"href":"https:\/\/www.csfconsulting.es\/en\/wp-json\/wp\/v2\/users\/2"}],"replies":[{"embeddable":true,"href":"https:\/\/www.csfconsulting.es\/en\/wp-json\/wp\/v2\/comments?post=12735"}],"version-history":[{"count":0,"href":"https:\/\/www.csfconsulting.es\/en\/wp-json\/wp\/v2\/posts\/12735\/revisions"}],"wp:featuredmedia":[{"embeddable":true,"href":"https:\/\/www.csfconsulting.es\/en\/wp-json\/wp\/v2\/media\/10403"}],"wp:attachment":[{"href":"https:\/\/www.csfconsulting.es\/en\/wp-json\/wp\/v2\/media?parent=12735"}],"wp:term":[{"taxonomy":"category","embeddable":true,"href":"https:\/\/www.csfconsulting.es\/en\/wp-json\/wp\/v2\/categories?post=12735"},{"taxonomy":"post_tag","embeddable":true,"href":"https:\/\/www.csfconsulting.es\/en\/wp-json\/wp\/v2\/tags?post=12735"}],"curies":[{"name":"wp","href":"https:\/\/api.w.org\/{rel}","templated":true}]}}