{"id":12863,"date":"2018-07-16T12:44:45","date_gmt":"2018-07-16T10:44:45","guid":{"rendered":"https:\/\/www.csfconsulting.es\/?p=12863\/"},"modified":"2018-07-16T15:10:05","modified_gmt":"2018-07-16T13:10:05","slug":"principales-novedades-laborales-aprobadas-por-la-ley-de-presupuestos-generales-del-estado-2018","status":"publish","type":"post","link":"https:\/\/www.csfconsulting.es\/en\/principales-novedades-laborales-aprobadas-por-la-ley-de-presupuestos-generales-del-estado-2018\/","title":{"rendered":"Principales Novedades Laborales Aprobadas por la Ley de Presupuestos Generales del Estado 2018"},"content":{"rendered":"<p>En el BOE del d\u00eda 4 de julio se ha aprobado la Ley de Presupuestos Generales del Estado para 2018, que ha incorporado algunas novedades legislativas en materia laboral y de Seguridad Social. Entre ellas, como m\u00e1s relevantes, destacamos las siguientes:<\/p>\n<h3>Cotizaciones<\/h3>\n<p>Se aprueban los topes m\u00e1ximos y m\u00ednimos de las bases de cotizaci\u00f3n, aplicables a partir del d\u00eda primero del mes siguiente al de la entrada en vigor de la Ley de Presupuestos (esto es, a partir del 1 de agosto de 2018): el tipo m\u00e1ximo de la cotizaci\u00f3n en todos los Reg\u00edmenes de la Seguridad Social que lo tengan establecido, queda fijado en la cuant\u00eda de 3.803,70 euros mensuales (hasta ahora establecido en 3.751,20 euros mensuales).<\/p>\n<p><strong>R\u00e9gimen General:\u00a0<\/strong>Tope m\u00e1ximo\u00a0<strong>3.803,70\u20ac mensuales<\/strong>\u00a0y\u00a0<strong>126,79 \u20ac diarios<\/strong>.<\/p>\n<table width=\"578\">\n<tbody>\n<tr>\n<td width=\"84\"><strong>Grupo<\/strong><br \/>\n<strong>de cotizaci\u00f3n<\/strong><\/td>\n<td width=\"300\"><strong>Categor\u00edas profesionales<\/strong><\/td>\n<td width=\"194\"><strong>Bases m\u00e1ximas<\/strong><br \/>\n<strong>\u2013<\/strong><br \/>\n<strong>Euros\/mes<\/strong><\/td>\n<\/tr>\n<tr>\n<td width=\"84\">1<\/td>\n<td width=\"300\">Ingenieros y Licenciados. Personal de alta direcci\u00f3n no incluido en el art\u00edculo 1.3.c) del Estatuto de los Trabajadores<\/td>\n<td width=\"194\">3.803,70<\/td>\n<\/tr>\n<tr>\n<td width=\"84\">2<\/td>\n<td width=\"300\">Ingenieros T\u00e9cnicos, Peritos y Ayudantes Titulados<\/td>\n<td width=\"194\">3.803,70<\/td>\n<\/tr>\n<tr>\n<td width=\"84\">3<\/td>\n<td width=\"300\">Jefes Administrativos y de Taller<\/td>\n<td width=\"194\">3.803,70<\/td>\n<\/tr>\n<tr>\n<td width=\"84\">4<\/td>\n<td width=\"300\">Ayudantes no Titulados<\/td>\n<td width=\"194\">3.803,70<\/td>\n<\/tr>\n<tr>\n<td width=\"84\">5<\/td>\n<td width=\"300\">Oficiales Administrativos<\/td>\n<td width=\"194\">3.803,70<\/td>\n<\/tr>\n<tr>\n<td width=\"84\">6<\/td>\n<td width=\"300\">Subalternos<\/td>\n<td width=\"194\">3.803,70<\/td>\n<\/tr>\n<tr>\n<td width=\"84\">7<\/td>\n<td width=\"300\">Auxiliares Administrativos<\/td>\n<td width=\"194\">3.803,70<\/td>\n<\/tr>\n<tr>\n<td width=\"84\">8<\/td>\n<td width=\"300\">Oficiales de primera y segunda<\/td>\n<td width=\"194\">126,79<\/td>\n<\/tr>\n<tr>\n<td width=\"84\">9<\/td>\n<td width=\"300\">Oficiales de tercera y Especialistas<\/td>\n<td width=\"194\">126,79<\/td>\n<\/tr>\n<tr>\n<td width=\"84\">10<\/td>\n<td width=\"300\">Peones<\/td>\n<td width=\"194\">126,79<\/td>\n<\/tr>\n<tr>\n<td width=\"84\">11<\/td>\n<td width=\"300\">Trabajadores menores de 18 a\u00f1os, cualquiera que sea su categor\u00eda profesional<\/td>\n<td width=\"194\">126,79<\/td>\n<\/tr>\n<\/tbody>\n<\/table>\n<p><strong>\u00a0<\/strong><\/p>\n<h3>Tipos de cotizaci\u00f3n en el R\u00e9gimen General para el a\u00f1o 2018<\/h3>\n<p>Se mantiene para el a\u00f1o 2018 los siguientes tipos de cotizaci\u00f3n en el R\u00e9gimen General de la Seguridad Social:<\/p>\n<p><strong>Contrato indefinido<\/strong><br \/>\n<strong>(Tambi\u00e9n contratos formativos, relevo, interinidad con minusv\u00e1lidos)<\/strong><\/p>\n<table>\n<tbody>\n<tr>\n<td width=\"94\"><\/td>\n<td width=\"96\">CONTIN.<br \/>\nCOMUNES<\/td>\n<td width=\"98\">DESEMPLEO<\/td>\n<td width=\"95\">FOGASA<\/td>\n<td width=\"94\">F.P.<\/td>\n<td width=\"87\">TOTAL<\/td>\n<\/tr>\n<tr>\n<td width=\"94\">EMPRESA<\/td>\n<td width=\"96\">23,60 %<\/td>\n<td width=\"98\">5,50 %<\/td>\n<td width=\"95\">0,20 %<\/td>\n<td width=\"94\">0,60 %<\/td>\n<td width=\"87\">29,90 %<\/td>\n<\/tr>\n<tr>\n<td width=\"94\">TRABAJADOR<\/td>\n<td width=\"96\">4,70 %<\/td>\n<td width=\"98\">1,55 %<\/td>\n<td width=\"95\">&#8212;<\/td>\n<td width=\"94\">0,10 %<\/td>\n<td width=\"87\">6,35 %<\/td>\n<\/tr>\n<tr>\n<td width=\"94\"><\/td>\n<td width=\"96\">28,30 %<\/td>\n<td width=\"98\">7,05 %<\/td>\n<td width=\"95\">0,20 %<\/td>\n<td width=\"94\">0,70 %<\/td>\n<td width=\"87\">36,25 %<\/td>\n<\/tr>\n<\/tbody>\n<\/table>\n<p><strong>Contrato temporal a tiempo completo<\/strong><\/p>\n<table>\n<tbody>\n<tr>\n<td width=\"94\"><\/td>\n<td width=\"96\">CONTIN.<br \/>\nCOMUNES<\/td>\n<td width=\"98\">DESEMPLEO<\/td>\n<td width=\"95\">FOGASA<\/td>\n<td width=\"94\">F.P.<\/td>\n<td width=\"87\">TOTAL<\/td>\n<\/tr>\n<tr>\n<td width=\"94\">EMPRESA<\/td>\n<td width=\"96\">23,60 %<\/td>\n<td width=\"98\">6,70 %<\/td>\n<td width=\"95\">0,20 %<\/td>\n<td width=\"94\">0,60 %<\/td>\n<td width=\"87\">31,10 %<\/td>\n<\/tr>\n<tr>\n<td width=\"94\">TRABAJADOR<\/td>\n<td width=\"96\">4,70 %<\/td>\n<td width=\"98\">1,60 %<\/td>\n<td width=\"95\">&#8212;<\/td>\n<td width=\"94\">0,10 %<\/td>\n<td width=\"87\">6,40 %<\/td>\n<\/tr>\n<tr>\n<td width=\"94\"><\/td>\n<td width=\"96\">28,30 %<\/td>\n<td width=\"98\">8,30 %<\/td>\n<td width=\"95\">0,20 %<\/td>\n<td width=\"94\">0,70 %<\/td>\n<td width=\"87\">37,50 %<\/td>\n<\/tr>\n<\/tbody>\n<\/table>\n<p><strong>Contrato temporal inferior a siete d\u00edas<\/strong><\/p>\n<p>Cuota Empresarial = 36% por contingencias comunes.<br \/>\nDicho incremento no es de aplicaci\u00f3n a los contratos de interinidad ni a los trabajadores por cuenta ajena agrarios.<\/p>\n<p><strong>Contrato temporal a tiempo parcial<\/strong><\/p>\n<table>\n<tbody>\n<tr>\n<td width=\"93\"><\/td>\n<td width=\"96\">CONTIN.<br \/>\nCOMUNES<\/td>\n<td width=\"97\">DESEMPLEO<\/td>\n<td width=\"95\">FOGASA<\/td>\n<td width=\"95\">F.P.<\/td>\n<td width=\"88\">TOTAL<\/td>\n<\/tr>\n<tr>\n<td width=\"93\">EMPRESA<\/td>\n<td width=\"96\">23,60 %<\/td>\n<td width=\"97\">6,70 %*<\/td>\n<td width=\"95\">0,20 %<\/td>\n<td width=\"95\">0,60 %<\/td>\n<td width=\"88\">31,10 %<\/td>\n<\/tr>\n<tr>\n<td width=\"93\">TRABAJADOR<\/td>\n<td width=\"96\">4,70 %<\/td>\n<td width=\"97\">1,60 %<\/td>\n<td width=\"95\">&#8212;<\/td>\n<td width=\"95\">0,10 %<\/td>\n<td width=\"88\">6,40 %<\/td>\n<\/tr>\n<tr>\n<td width=\"93\"><\/td>\n<td width=\"96\">28,30 %<\/td>\n<td width=\"97\">8,30 %<\/td>\n<td width=\"95\">0,20 %<\/td>\n<td width=\"95\">0,70 %<\/td>\n<td width=\"88\">37,50 %<\/td>\n<\/tr>\n<\/tbody>\n<\/table>\n<p>En los contratos temporales cuya duraci\u00f3n efectiva sea inferior a 7 d\u00edas la cuota empresarial a la Seguridad Social por contingencias comunes se incrementar\u00e1 en un 36%. Dicho incremento no ser\u00e1 de aplicaci\u00f3n a los contratos de interinidad.<\/p>\n<p><strong>Horas Extraordinarias<\/strong><\/p>\n<table width=\"576\">\n<tbody>\n<tr>\n<td width=\"192\"><\/td>\n<td width=\"96\">EMPRESA<\/td>\n<td width=\"108\">TRABAJADOR<\/td>\n<td width=\"180\">TOTAL<\/td>\n<\/tr>\n<tr>\n<td width=\"192\">Horas normales<\/td>\n<td width=\"96\">23,60 %<\/td>\n<td width=\"108\">4,70 %<\/td>\n<td width=\"180\">28,30 %<\/td>\n<\/tr>\n<tr>\n<td width=\"192\">Horas fuerza mayor<\/td>\n<td width=\"96\">12,00 %<\/td>\n<td width=\"108\">2,00 %<\/td>\n<td width=\"180\">14,00 %<\/td>\n<\/tr>\n<\/tbody>\n<\/table>\n<p><strong>\u00a0<\/strong><\/p>\n<p><strong>Cotizaci\u00f3n por accidentes de trabajo<\/strong><\/p>\n<p>Para las contingencias de accidentes de trabajo y enfermedades profesionales se aplicar\u00e1n los porcentajes de la tarifa de primas incluida en la disposici\u00f3n adicional cuarta de la Ley 42\/2006, de 28 de diciembre, de Presupuestos Generales del Estado para el a\u00f1o 2007, siendo las primas resultantes a cargo exclusivo de la empresa.<\/p>\n<p>Se a\u00f1ade la siguiente regla en relaci\u00f3n con el &#8220;personal en trabajos exclusivos de Oficina&#8221; (Cuadro II de las primas \u2013apartado a) en el que se incluyen los trabajadores por cuenta ajena que, sin estar sometidos a los riesgos de la actividad econ\u00f3mica de la empresa, desarrollen su ocupaci\u00f3n exclusivamente en la realizaci\u00f3n de trabajos propios de oficina aun cuando los mismos se correspondan con la actividad de la empresa, y siempre que tales trabajos se desarrollen \u00fanicamente en los lugares destinados a oficinas de la empresa.<\/p>\n<p><strong>Contratos de Formaci\u00f3n y Aprendizaje:<\/strong><\/p>\n<p>Las cuotas por contingencias comunes a cargo del empresario y a cargo del trabajador, por contingencias profesionales, al Fondo de Garant\u00eda Salarial y por formaci\u00f3n profesional de los contratos para la formaci\u00f3n se incrementar\u00e1n, desde el 1 de agosto de 2018 y respecto de las cuant\u00edas vigentes a 31-12-2017, en el mismo porcentaje que aumente la base m\u00ednima del R\u00e9gimen General.<\/p>\n<h3>Cotizaci\u00f3n en el R\u00e9gimen Especial de los Trabajadores por Cuenta Propia o Aut\u00f3nomos<\/h3>\n<p><strong>Trabajadores aut\u00f3nomos<\/strong><\/p>\n<p>Para los trabajadores aut\u00f3nomos (comerciantes, empresarios, etc.), la base m\u00e1xima se establece en 3.803,70 \u20ac y la base m\u00ednima en 932,70 \u20ac mensuales.<\/p>\n<p><strong>El Tipo de Cotizaci\u00f3n:<\/strong>\u00a0es el 29,80 %, lo que representa una cuota mensual a pagar por el aut\u00f3nomo de un m\u00ednimo de 277,94 \u20ac, y un m\u00e1ximo de 1.133,50 \u20ac.<\/p>\n<p>Cuando el interesado no se haya acogido a la protecci\u00f3n por IT, el tipo de cotizaci\u00f3n ser\u00e1 del 26,5 %, es decir, una cuota mensual de 247,17 \u20ac y un m\u00e1ximo de 1.007,98 \u20ac.<\/p>\n<p><strong>Esquema tipos de cotizaci\u00f3n aut\u00f3nomos<\/strong><\/p>\n<table>\n<tbody>\n<tr>\n<td width=\"192\">General<\/td>\n<td width=\"192\"><\/td>\n<td width=\"192\">29,80%<\/td>\n<\/tr>\n<tr>\n<td width=\"192\"><\/td>\n<td width=\"192\">Con contingencias profesionales<\/td>\n<td width=\"192\">29,30%<\/td>\n<\/tr>\n<tr>\n<td width=\"192\"><\/td>\n<td width=\"192\">Sin incapacidad temporal<\/td>\n<td width=\"192\">26,50%<\/td>\n<\/tr>\n<tr>\n<td width=\"192\">Riesgo durante el embarazo y profesionales<\/td>\n<td width=\"192\">lactancia sin contingencias<\/td>\n<td width=\"192\">+ 0,10%<\/td>\n<\/tr>\n<tr>\n<td width=\"192\">Prestaci\u00f3n por cese de actividad<\/td>\n<td width=\"192\"><\/td>\n<td width=\"192\">+ 2,20%<\/td>\n<\/tr>\n<tr>\n<td width=\"192\">Tipos de accidente de trabajo y enfermedad profesional<\/td>\n<td width=\"192\"><\/td>\n<td width=\"192\">Tarifa vigente para la cotizaci\u00f3n para contingencias profesionales seg\u00fan actividad<\/td>\n<\/tr>\n<\/tbody>\n<\/table>\n<p><strong>En el caso que el aut\u00f3nomo tenga a fecha 1-8-2018 menos de 47 a\u00f1os,\u00a0<\/strong>podr\u00e1 escoger cualquier base de cotizaci\u00f3n comprendida entre la m\u00e1xima y la m\u00ednima. Igual elecci\u00f3n podr\u00e1n tener los trabajadores aut\u00f3nomos con 47 de edad si su base de cotizaci\u00f3n en el mes de diciembre de 2017 era igual o superior a 2.023,50 \u20ac, o que causen alta en este R\u00e9gimen Especial con posterioridad a la citada fecha.<\/p>\n<p><strong>Los trabajadores aut\u00f3nomos que tengan 47 a\u00f1os a fecha 1-8-2018:\u00a0<\/strong>Si su base de cotizaci\u00f3n fuera inferior a 2.023,50 \u20ac mensuales, no podr\u00e1n escoger una base de cuant\u00eda superior a 2.052,00 \u20ac, salvo que ejerciten su opci\u00f3n en dicho sentido antes del 30-6-2018.<\/p>\n<p>La elecci\u00f3n de la base de cotizaci\u00f3n por los trabajadores aut\u00f3nomos que, en 1 de agosto de 2018, tuvieran\u00a0<strong>48 o m\u00e1s a\u00f1os cumplidos, estar\u00e1 limitada entre las cuant\u00edas de 1.005,90 y 2.052,00 \u20ac mensuales<\/strong>, salvo que se trate del c\u00f3nyuge sup\u00e9rstite del titular del negocio que, como consecuencia del fallecimiento de \u00e9ste, se pusiera al frente del mismo d\u00e1ndose de alta en este R\u00e9gimen Especial con 45 o m\u00e1s a\u00f1os de edad, la elecci\u00f3n de bases estar\u00e1 comprendida entre las cuant\u00edas de 932,70 \u20ac y 2.052,00 \u20ac.<\/p>\n<p><strong>Los trabajadores aut\u00f3nomos que, con anterioridad a los 50 a\u00f1os,\u00a0<\/strong>hubieran cotizado en cualquiera de los Reg\u00edmenes del Sistema de la Seguridad Social por espacio de\u00a0<strong>5 o m\u00e1s a\u00f1os<\/strong>\u00a0se regir\u00e1n por una serie de reglas espec\u00edficas:<\/p>\n<ul>\n<li>Si la \u00faltima base de cotizaci\u00f3n acreditada hubiera sido igual o inferior a 2.023,50 \u20ac mensuales, tendr\u00edan que cotizar por una base comprendida entre los 932,70 \u20ac mensuales y los 2.052,00 \u20ac mensuales.<\/li>\n<\/ul>\n<ul>\n<li>Si la \u00faltima base de cotizaci\u00f3n acreditada hubiera sido superior a 2.023,50 \u20ac habr\u00e1n de cotizar por una base comprendida entre los 932,70 \u20ac mensuales y el importe de aqu\u00e9lla incrementado en un 1,4%, con el tope de la base m\u00e1xima de cotizaci\u00f3n (tambi\u00e9n ser\u00e1 aplicable a los trabajadores aut\u00f3nomos que con 48 o 49 a\u00f1os hubieran ejercitado la opci\u00f3n prevista en el art. 132.4.2, p\u00e1rrafo segundo, de la Ley 39\/2010, de 22 de diciembre de Presupuestos Generales del Estado para el a\u00f1o 2011).<\/li>\n<\/ul>\n<p><strong>Aut\u00f3nomos societarios:\u00a0<\/strong>Los trabajadores aut\u00f3nomos incluidos en este r\u00e9gimen especial al amparo de lo establecido en el art. 305.2.b) y e) del TRLGSS (Aut\u00f3nomos societarios), a excepci\u00f3n de aquellos que causen alta inicial en el mismo, durante los 12 primeros meses de su actividad a contar desde la fecha de efectos de dicha alta, tendr\u00e1n una base m\u00ednima de cotizaci\u00f3n de cuant\u00eda igual a la prevista como base m\u00ednima para los trabajadores encuadrados en el grupo de cotizaci\u00f3n 1 del R\u00e9gimen General, fijada para el a\u00f1o 2018 en\u00a0<strong>1.199,10 \u20ac mensuales.<\/strong><\/p>\n<p><strong>Aut\u00f3nomos con trabajadores:\u00a0<\/strong>Respecto a los trabajadores aut\u00f3nomos que en alg\u00fan momento del a\u00f1o 2017 y de manera simult\u00e1nea hayan tenido contratado a sus servicios un n\u00famero de trabajadores por cuenta ajena igual o superior a 10, la base m\u00ednima de cotizaci\u00f3n tendr\u00e1 una cuant\u00eda igual a la prevista como base m\u00ednima para los trabajadores encuadrados en el grupo de cotizaci\u00f3n 1 del R\u00e9gimen General, fijada para el a\u00f1o 2018 en\u00a0<strong>1.199,10 \u20ac mensuales.\u00a0<\/strong><\/p>\n<p><strong>Tipos de cotizaci\u00f3n aut\u00f3nomos<\/strong><\/p>\n<table>\n<tbody>\n<tr>\n<td width=\"192\">General<\/td>\n<td width=\"192\"><\/td>\n<td width=\"192\">29,80%<\/td>\n<\/tr>\n<tr>\n<td width=\"192\"><\/td>\n<td width=\"192\">Con contingencias profesionales<\/td>\n<td width=\"192\">29,30%<\/td>\n<\/tr>\n<tr>\n<td width=\"192\"><\/td>\n<td width=\"192\">Sin incapacidad temporal<\/td>\n<td width=\"192\">26,50%<\/td>\n<\/tr>\n<tr>\n<td width=\"192\">Riesgo durante el embarazo y profesionales<\/td>\n<td width=\"192\">lactancia sin contingencias<\/td>\n<td width=\"192\">+ 0,10%<\/td>\n<\/tr>\n<tr>\n<td width=\"192\">Prestaci\u00f3n por cese de actividad<\/td>\n<td width=\"192\"><\/td>\n<td width=\"192\">+ 2,20%<\/td>\n<\/tr>\n<tr>\n<td width=\"192\">Tipos de accidente de trabajo y enfermedad profesional<\/td>\n<td width=\"192\"><\/td>\n<td width=\"192\">Tarifa vigente para la cotizaci\u00f3n para contingencias profesionales seg\u00fan actividad<\/td>\n<\/tr>\n<\/tbody>\n<\/table>\n<p><strong>Altos Cargos:\u00a0<\/strong>Grupo 1: Entre el m\u00ednimo de la base de cotizaci\u00f3n vigente y el m\u00e1ximo establecido en 3.803,70 \u20ac mensuales.<\/p>\n<h3>Ayuda Econ\u00f3mica a J\u00f3venes Inscritos en el Sistema Nacional de Garant\u00eda Juvenil y Bonificaci\u00f3n por Conversi\u00f3n en los Contratos de Formaci\u00f3n y Aprendizaje.<\/h3>\n<p>La Ley de Presupuestos Generales del Estado de cada a\u00f1o, establece el cr\u00e9dito m\u00ednimo de formaci\u00f3n, en funci\u00f3n del n\u00famero de trabajadores que las empresas tienen en sus plantillas, que puede ser superior a la cuota de formaci\u00f3n profesional ingresada por aquellas en el sistema de Seguridad Social. En el Proyecto de Ley de Presupuestos, se mantiene el mismo porcentaje de bonificaci\u00f3n que en funci\u00f3n del tama\u00f1o de la empresa se estableci\u00f3 para el a\u00f1o 2017. La innovaci\u00f3n de este a\u00f1o, es la ayuda econ\u00f3mica de acompa\u00f1amiento a j\u00f3venes inscritos en el Sistema Nacional de Garant\u00eda Juvenil que suscriban un contrato para la formaci\u00f3n y el aprendizaje. Se trata de incorporar en el mercado laboral a los j\u00f3venes, a trav\u00e9s del Bono de Formaci\u00f3n Garant\u00eda Juvenil y del Bono Conversi\u00f3n a Indefinido. La primera medida permitir\u00e1 elevar la retribuci\u00f3n de los j\u00f3venes que consigan un contrato de formaci\u00f3n y aprendizaje para estudiar y trabajar al mismo tiempo. Es una ayuda de 430 \u20ac (80% IPREM) que se sumar\u00e1 al salario que reciba el joven en la empresa. Ello significa, que estos j\u00f3venes que reciban la ayuda cobrar\u00e1n m\u00e1s de mil euros al mes durante un periodo de 18 meses. La segunda medida, consiste en una bonificaci\u00f3n por conversi\u00f3n en indefinidos de los contratos para la formaci\u00f3n y aprendizaje celebrados con j\u00f3venes. Consistir\u00e1 en una bonificaci\u00f3n en las cuotas empresariales de 250 \u20ac al mes (3.000 \u20ac\/a\u00f1o) durante 3 a\u00f1os.<\/p>\n<p>Ambas medidas, el Bono Formaci\u00f3n Garant\u00eda Juvenil y el Bono Conversi\u00f3n en Indefinidos permitir\u00e1n al trabajador joven, adquirir competencias profesionales en la empresa, mientras obtiene un certificado de profesionalidad, percibiendo una contraprestaci\u00f3n econ\u00f3mica que se acerca al fijado en convenio, as\u00ed como dar estabilidad laboral<\/p>\n<h3>Prestaciones Econ\u00f3micas de Seguridad Social por Cada Hijo a Cargo<\/h3>\n<ul>\n<li>El l\u00edmite de ingresos anuales para tener derecho a la asignaci\u00f3n se establece para el a\u00f1o 2018 en 11.953,94 \u20ac anuales, y si se trata de una familia numerosa 17.991,42 \u20ac, increment\u00e1ndose en 2.914,12 \u20ac por cada hijo a cargo a partir del cuarto.<\/li>\n<li>La cuant\u00eda de la asignaci\u00f3n ser\u00e1 de 291,00\u20ac en c\u00f3mputo anual.<\/li>\n<li>Cuando el hijo sea menor y presente una discapacidad desde el 33% la cuant\u00eda ser\u00e1 de 1000 \u20ac, cuando el hijo a cargo tenga 18 o m\u00e1s a\u00f1os de edad y adem\u00e1s presente un grado de minusval\u00eda igual o superior al 65%, la prestaci\u00f3n econ\u00f3mica que se recibir\u00e1 ser\u00e1 de 4.561,20 \u20ac anuales. Cuando la minusval\u00eda sea superior al 75% y exija concurso de una tercera persona, la cuant\u00eda de la prestaci\u00f3n econ\u00f3mica ser\u00e1 de 6.842,40 \u20ac.<\/li>\n<\/ul>\n<h3>IPREM (indicador p\u00fablico de renta de efectos m\u00faltiples)<\/h3>\n<p>Para el a\u00f1o 2018, queda en los mismos t\u00e9rminos que en el ejercicio 2017:<\/p>\n<ul>\n<li>IPREM diario 17,93 \u20ac<\/li>\n<li>IPREM mensual 537,84 \u20ac<\/li>\n<li>IPREM anual 6.454,03 \u20ac<\/li>\n<li>En los supuestos en que el IPREM sustituy\u00f3 al SMI y la norma se refiriese al SMI en c\u00f3mputo anual, el IPREM ser\u00e1 de 7.519,59 \u20ac, salvo que en dichas normas se excluyera expresamente las pagas extraordinarias, en cuyo caso la cuant\u00eda ser\u00e1 de 6.454,03 \u20ac.<\/li>\n<\/ul>\n<h3>Subsidio Econ\u00f3mico de las Personas con Discapacidad.<\/h3>\n<ul>\n<li>Subsidio de garant\u00eda de ingresos m\u00ednimos: 149,86 \u20ac mensuales<\/li>\n<li>Subsidio por ayuda de tercera persona: 58,45 \u20ac mensuales<\/li>\n<li>Subsidio de movilidad y compensaci\u00f3n por gastos de transporte: 65,30 \u20ac mensuales<\/li>\n<\/ul>\n<h3>Inter\u00e9s Legal del Dinero<\/h3>\n<p>Para el a\u00f1o 2018 queda igual que en el ejercicio anterior, es decir:<\/p>\n<ul>\n<li>Inter\u00e9s legal del dinero: 3,00%<\/li>\n<li>Inter\u00e9s de demora: 3,75%<\/li>\n<\/ul>\n<h3>Bonificaciones en las Cotizaciones<\/h3>\n<ul>\n<li>Riesgo durante el embarazo o durante la lactancia natural: Bonificaci\u00f3n del 50% de la aportaci\u00f3n empresarial en la cotizaci\u00f3n a la Seguridad Social por contingencias comunes.<\/li>\n<li>Enfermedad profesional: Cuando se produce un cambio en el puesto de trabajo, compatible con el estado del trabajador en la misma empresa o en otra distinta, se podr\u00e1 bonificar la empresa en el 50% de la cuota empresarial por contingencias comunes en las condiciones que se establezcan reglamentariamente.<\/li>\n<li>Trabajadores con contrato fijo discontinuo: Se mantiene el 50% de la bonificaci\u00f3n de la cuota empresarial por contingencias comunes, as\u00ed como desempleo, FOGASA y formaci\u00f3n profesional en los sectores de turismo, comercio y hosteler\u00eda que genere actividad los meses de febrero, marzo y noviembre de cada a\u00f1o.<\/li>\n<\/ul>\n<h3>Tarjeta Social Universal<\/h3>\n<p>Servir\u00e1 para mejorar y coordinar las pol\u00edticas de protecci\u00f3n social de las diferentes administraciones p\u00fablicas, a cuyo fin incluir\u00e1 la informaci\u00f3n actualizada correspondiente a todas las prestaciones sociales de contenido econ\u00f3mico, financiadas con cargo a recursos p\u00fablicos, y los datos identificados de sus titulares, los beneficiarios, c\u00f3nyuges y otros miembros de las unidades familiares y los importes y clases de las prestaciones abonadas y la fecha de efectos de su concesi\u00f3n o reconocimiento.<\/p>\n<p>Se establece adem\u00e1s que, a partir de su puesta en funcionamiento, previsto a los 3 meses de la entrada en vigor de la Ley, el contenido del actual Registro de Prestaciones Sociales P\u00fablicas quedar\u00e1 integrado en la Tarjeta, por lo que correlativamente se deroga el citado Registro.<\/p>\n<h3>Ampliaci\u00f3n del Permiso de Paternidad<\/h3>\n<p>Se ampl\u00eda el permiso de paternidad a 5 semanas, es decir, una semana m\u00e1s a las 4 vigentes, que son ininterrumpidas, si bien esa quinta semana podr\u00e1 disfrutarse en otro momento dentro de los 9 meses siguientes al nacimiento, previo acuerdo con el empresario.<\/p>\n<p>La suspensi\u00f3n del contrato por esta causa, podr\u00e1 disfrutarse en r\u00e9gimen de jornada completa o parcial de un m\u00ednimo del 50%, asimismo, previo acuerdo de las partes.<\/p>\n<h3>Incremento de las Pensiones<\/h3>\n<p>Las pensiones se revalorizan un 0,25%, si bien algunas de ellas se incrementan entre un 1 y un 3%, seg\u00fan el tipo y su nivel:<\/p>\n<ul>\n<li>Los incrementos superiores afectan a las pensiones m\u00ednimas, las no contributivas, aquellas sin derecho a complementos a m\u00ednimos y las de viudedad, lo que supone una mejora para otros 6 millones de pensionistas.<\/li>\n<\/ul>\n<ul>\n<li>El porcentaje de la base de cotizaci\u00f3n de las\u00a0<strong>pensiones de viudedad<\/strong>\u00a0para pensionistas con 65 o m\u00e1s a\u00f1os que no perciban otra pensi\u00f3n p\u00fablica pasa del 52% al 54%.<\/li>\n<\/ul>\n<p>La pensi\u00f3n m\u00e1xima no puede superar la cuant\u00eda de 36.609,46 euros anuales.<\/p>\n<h3>Otras Novedades<\/h3>\n<ul>\n<li>Se aplaza, sine die, la entrada en vigor de las disposiciones del Estatuto del trabajo aut\u00f3nomo en lo relativo a la posibilidad de que los trabajadores por cuenta propia ejerzan su actividad a tiempo parcial y el establecimiento de un sistema de cotizaci\u00f3n a tiempo parcial de estos trabajadores.<\/li>\n<li>La jornada de trabajo general en el sector p\u00fablico queda establecida, en promedio semanal, en treinta y siete horas y media, sin perjuicio de las jornadas especiales existentes o que, en su caso, se establezcan.<\/li>\n<\/ul>\n<p>Pueden ponerse en contacto con este despacho profesional para cualquier duda o aclaraci\u00f3n que puedan tener al respecto.<\/p>\n<p>Para descargarse el texto de la publicaci\u00f3n, <a href=\"https:\/\/www.csfconsulting.es\/wp-content\/uploads\/Principales-novedades-laborales-pge-280.pdf\" target=\"_blank\" rel=\"noopener\">pulse aqu\u00ed.<\/a><\/p>\n<p><strong>CSF Consulting Abogados y Economistas,\u00a0<\/strong><\/p>\n","protected":false},"excerpt":{"rendered":"<p>En el BOE del d\u00eda 4 de julio se ha aprobado la Ley de Presupuestos Generales del Estado para 2018, que ha incorporado algunas novedades legislativas en materia laboral y de Seguridad Social. Entre ellas, como m\u00e1s relevantes, destacamos las siguientes: Cotizaciones Se aprueban los topes m\u00e1ximos y m\u00ednimos de las bases de cotizaci\u00f3n, aplicables&hellip;<\/p>\n","protected":false},"author":2,"featured_media":10676,"comment_status":"open","ping_status":"open","sticky":false,"template":"","format":"standard","meta":{"footnotes":""},"categories":[1],"tags":[102],"class_list":["post-12863","post","type-post","status-publish","format-standard","has-post-thumbnail","hentry","category-noticias","tag-laboral-y-seguridad-social","category-1","description-off"],"_links":{"self":[{"href":"https:\/\/www.csfconsulting.es\/en\/wp-json\/wp\/v2\/posts\/12863","targetHints":{"allow":["GET"]}}],"collection":[{"href":"https:\/\/www.csfconsulting.es\/en\/wp-json\/wp\/v2\/posts"}],"about":[{"href":"https:\/\/www.csfconsulting.es\/en\/wp-json\/wp\/v2\/types\/post"}],"author":[{"embeddable":true,"href":"https:\/\/www.csfconsulting.es\/en\/wp-json\/wp\/v2\/users\/2"}],"replies":[{"embeddable":true,"href":"https:\/\/www.csfconsulting.es\/en\/wp-json\/wp\/v2\/comments?post=12863"}],"version-history":[{"count":0,"href":"https:\/\/www.csfconsulting.es\/en\/wp-json\/wp\/v2\/posts\/12863\/revisions"}],"wp:featuredmedia":[{"embeddable":true,"href":"https:\/\/www.csfconsulting.es\/en\/wp-json\/wp\/v2\/media\/10676"}],"wp:attachment":[{"href":"https:\/\/www.csfconsulting.es\/en\/wp-json\/wp\/v2\/media?parent=12863"}],"wp:term":[{"taxonomy":"category","embeddable":true,"href":"https:\/\/www.csfconsulting.es\/en\/wp-json\/wp\/v2\/categories?post=12863"},{"taxonomy":"post_tag","embeddable":true,"href":"https:\/\/www.csfconsulting.es\/en\/wp-json\/wp\/v2\/tags?post=12863"}],"curies":[{"name":"wp","href":"https:\/\/api.w.org\/{rel}","templated":true}]}}