{"id":12921,"date":"2018-09-12T09:17:11","date_gmt":"2018-09-12T07:17:11","guid":{"rendered":"https:\/\/www.csfconsulting.es\/?p=12921\/"},"modified":"2018-09-12T09:24:38","modified_gmt":"2018-09-12T07:24:38","slug":"modificada-la-normativa-de-desempleo-de-los-contratos-a-tiempo-parcial","status":"publish","type":"post","link":"https:\/\/www.csfconsulting.es\/en\/modificada-la-normativa-de-desempleo-de-los-contratos-a-tiempo-parcial\/","title":{"rendered":"Modificada la Normativa de Desempleo de los Contratos a Tiempo Parcial"},"content":{"rendered":"<p>El Gobierno ha aprobado un Real Decreto 950\/2018, de 27 de julio, de adaptaci\u00f3n de la normativa a la sentencia del Tribunal de Justicia de la Uni\u00f3n Europea (TJUE) en relaci\u00f3n con la prestaci\u00f3n contributiva por desempleo a tiempo parcial vertical, que entr\u00f3 en vigor el pasado d\u00eda 29 de julio de 2018.<\/p>\n<p>La sentencia equipara el derecho de los trabajadores a tiempo parcial, con independencia de que realicen su actividad durante cinco d\u00edas de la semana (trabajo horizontal), o concentrando las horas en menos d\u00edas (trabajo vertical). Esta modificaci\u00f3n de la norma pretende acabar con las diferencias a efectos del devengo de la prestaci\u00f3n por desempleo entre los trabajadores a tiempo parcial.<\/p>\n<p>Hay que recordar que la Ley General de la Seguridad Social establece que la duraci\u00f3n de la prestaci\u00f3n por desempleo est\u00e1 en funci\u00f3n de los per\u00edodos de ocupaci\u00f3n cotizada en los 6 a\u00f1os anteriores a la situaci\u00f3n legal de desempleo o al momento en que ces\u00f3 la obligaci\u00f3n de cotizaci\u00f3n, precisando el Real Decreto 625\/1985 por el que se desarrolla la Ley 31\/1984 Protecci\u00f3n por Desempleo, que, en el caso de que las cotizaciones correspondan a un trabajo a tiempo parcial o a trabajo efectivo en los casos de reducci\u00f3n de jornada, cada d\u00eda trabajado se ha de computar como un d\u00eda cotizado, cualquiera que haya sido la duraci\u00f3n de la jornada.<\/p>\n<p>La norma aprobada ahora regula que cuando las cotizaciones acreditadas correspondan a trabajos a tiempo parcial se computar\u00e1 el periodo durante el que el trabajador haya permanecido en alta, con independencia de que se hayan trabajado todos los d\u00edas laborables, o solo parte de los mismos, y cualquiera que haya sido la duraci\u00f3n de la jornada.<\/p>\n<p>Con este cambio normativo se favorece el acceso a la prestaci\u00f3n por desempleo o al subsidio al facilitar la acreditaci\u00f3n del periodo m\u00ednimo de cotizaci\u00f3n exigible para obtener el derecho. Adem\u00e1s, incrementa la duraci\u00f3n de la prestaci\u00f3n contributiva por desempleo al tener en cuenta como cotizados los d\u00edas en los que no ha habido prestaci\u00f3n de servicios dentro de la vigencia del contrato de trabajo.<\/p>\n<p>Pueden ponerse en contacto con este despacho profesional para cualquier duda o aclaraci\u00f3n que puedan tener al respecto.<\/p>\n<p>Para descargarse el texto de la publicaci\u00f3n, <a href=\"https:\/\/www.csfconsulting.es\/wp-content\/uploads\/Modificada-la-normativa-de-desempleo-de-los-contratos-a-tiempo-parcial-283.pdf\" target=\"_blank\" rel=\"noopener\">pulse aqu\u00ed.<\/a><\/p>\n<p><strong>CSF Consulting Abogados y Economistas,<\/strong><\/p>\n","protected":false},"excerpt":{"rendered":"<p>El Gobierno ha aprobado un Real Decreto 950\/2018, de 27 de julio, de adaptaci\u00f3n de la normativa a la sentencia del Tribunal de Justicia de la Uni\u00f3n Europea (TJUE) en relaci\u00f3n con la prestaci\u00f3n contributiva por desempleo a tiempo parcial vertical, que entr\u00f3 en vigor el pasado d\u00eda 29 de julio de 2018. La sentencia&hellip;<\/p>\n","protected":false},"author":2,"featured_media":9925,"comment_status":"open","ping_status":"open","sticky":false,"template":"","format":"standard","meta":{"footnotes":""},"categories":[1],"tags":[102],"class_list":["post-12921","post","type-post","status-publish","format-standard","has-post-thumbnail","hentry","category-noticias","tag-laboral-y-seguridad-social","category-1","description-off"],"_links":{"self":[{"href":"https:\/\/www.csfconsulting.es\/en\/wp-json\/wp\/v2\/posts\/12921","targetHints":{"allow":["GET"]}}],"collection":[{"href":"https:\/\/www.csfconsulting.es\/en\/wp-json\/wp\/v2\/posts"}],"about":[{"href":"https:\/\/www.csfconsulting.es\/en\/wp-json\/wp\/v2\/types\/post"}],"author":[{"embeddable":true,"href":"https:\/\/www.csfconsulting.es\/en\/wp-json\/wp\/v2\/users\/2"}],"replies":[{"embeddable":true,"href":"https:\/\/www.csfconsulting.es\/en\/wp-json\/wp\/v2\/comments?post=12921"}],"version-history":[{"count":0,"href":"https:\/\/www.csfconsulting.es\/en\/wp-json\/wp\/v2\/posts\/12921\/revisions"}],"wp:featuredmedia":[{"embeddable":true,"href":"https:\/\/www.csfconsulting.es\/en\/wp-json\/wp\/v2\/media\/9925"}],"wp:attachment":[{"href":"https:\/\/www.csfconsulting.es\/en\/wp-json\/wp\/v2\/media?parent=12921"}],"wp:term":[{"taxonomy":"category","embeddable":true,"href":"https:\/\/www.csfconsulting.es\/en\/wp-json\/wp\/v2\/categories?post=12921"},{"taxonomy":"post_tag","embeddable":true,"href":"https:\/\/www.csfconsulting.es\/en\/wp-json\/wp\/v2\/tags?post=12921"}],"curies":[{"name":"wp","href":"https:\/\/api.w.org\/{rel}","templated":true}]}}