{"id":13187,"date":"2019-01-08T15:14:24","date_gmt":"2019-01-08T14:14:24","guid":{"rendered":"https:\/\/www.csfconsulting.es\/?p=13187\/"},"modified":"2019-01-08T15:14:24","modified_gmt":"2019-01-08T14:14:24","slug":"aprobada-subida-smi-900","status":"publish","type":"post","link":"https:\/\/www.csfconsulting.es\/en\/aprobada-subida-smi-900\/","title":{"rendered":"Aprobada la Subida de 900\u20ac del Salario M\u00ednimo Interprofesional para 2019"},"content":{"rendered":"<p>El Gobierno ha aprobado un Real Decreto por el que se fija el salario m\u00ednimo interprofesional (SMI) para 2019. El salario m\u00ednimo para cualesquiera actividades en la agricultura, en la industria y en los servicios, sin distinci\u00f3n de sexo ni edad de los trabajadores, queda fijado en 30 euros\/d\u00eda o 900 euros\/mes, seg\u00fan que el salario est\u00e9 fijado por d\u00edas o por meses.<\/p>\n<p><strong>Para el a\u00f1o 2019 el SMI se fija en los siguientes valores:<\/strong><\/p>\n<ul>\n<li>Salario M\u00ednimo diario: 30,00\u20ac<\/li>\n<li>Salario M\u00ednimo mensual: 900,00\u20ac<\/li>\n<li>Salario M\u00ednimo anual: 12.600,00\u20ac (14 pagas)<\/li>\n<li>SMI Empleados de Hogar: 7,04\u20ac por hora<\/li>\n<li>SMI eventuales y temporeros: 42,62\u20ac diarios<\/li>\n<\/ul>\n<p>Estos valores representan un incremento del 22,3% respecto al pasado a\u00f1o 2018.<\/p>\n<p>La cuant\u00eda se fija en salario\/d\u00eda y salario\/mes y en el caso de empleados de hogar se fija tambi\u00e9n en salario\/hora. El salario m\u00ednimo para media jornada se corresponder\u00eda con el 50% de los valores indicados, es decir, 450,00\u20ac mensuales.<\/p>\n<p><strong>Trabajadores eventuales y temporeros y empleados de hogar<\/strong><\/p>\n<p>Por su parte, los\u00a0trabajadores eventuales y temporeros\u00a0y para la\u00a0relaci\u00f3n laboral de car\u00e1cter especial del servicio del\u00a0hogar\u00a0familiar,\u00a0cuyos servicios a una misma empresa no excedan de\u00a0ciento veinte d\u00edas\u00a0percibir\u00e1n, conjuntamente con el salario m\u00ednimo citado, la parte proporcional de la retribuci\u00f3n de los domingos y festivos, as\u00ed como de las dos gratificaciones extraordinarias a que, como m\u00ednimo, tiene derecho todo trabajador, correspondientes al salario de treinta d\u00edas en cada una de ellas, sin que la cuant\u00eda del salario profesional pueda resultar inferior a\u00a042,62 euros\u00a0por jornada legal en la actividad.<\/p>\n<p><strong>Retribuci\u00f3n de las\u00a0vacaciones<\/strong><\/p>\n<p>En lo que respecta a la retribuci\u00f3n de las\u00a0vacaciones\u00a0de los trabajadores eventuales y temporeros, dichos trabajadores percibir\u00e1n conjuntamente con el salario m\u00ednimo interprofesional fijado, la parte proporcional de este correspondiente a las vacaciones legales m\u00ednimas en los supuestos en que no existiera coincidencia entre el periodo de disfrute de las vacaciones y el tiempo de vigencia del contrato. En los dem\u00e1s casos, la retribuci\u00f3n del periodo de vacaciones se efectuar\u00e1 de acuerdo con el art.\u00a038 del\u00a0Estatuto de los Trabajadores y dem\u00e1s normas de aplicaci\u00f3n<\/p>\n<p><strong>Salario m\u00ednimo por horas para trabajadores eventuales y temporeros<\/strong><\/p>\n<p>Como\u00a0novedad\u00a0para el pr\u00f3ximo 2019, encontramos\u00a0un salario m\u00ednimo-hora para eventuales y temporeros cuyos servicios a una misma empresa no superen los 120 d\u00edas al a\u00f1o.<\/p>\n<p>En el supuesto de que la jornada sea inferior a los\u00a0ciento veinte d\u00edas al a\u00f1o,\u00a0el salario m\u00ednimo por hora efectivamente trabajada y que incluye todos los conceptos retributivos para los trabajadores eventuales y temporeros ser\u00e1 de\u00a06,90 euros.<\/p>\n<p>Pueden ponerse en contacto con este despacho profesional para cualquier duda o aclaraci\u00f3n que puedan tener al respecto.<\/p>\n<p>Para descargarse el texto de la publicaci\u00f3n, <a href=\"https:\/\/www.csfconsulting.es\/wp-content\/uploads\/Aprobada-subida-smi-a-900-298.pdf\" target=\"_blank\" rel=\"noopener\">pulse aqu\u00ed.<\/a><\/p>\n<p><strong>CSF Consulting Abogados y Economistas,<\/strong><\/p>\n","protected":false},"excerpt":{"rendered":"<p>El Gobierno ha aprobado un Real Decreto por el que se fija el salario m\u00ednimo interprofesional (SMI) para 2019. El salario m\u00ednimo para cualesquiera actividades en la agricultura, en la industria y en los servicios, sin distinci\u00f3n de sexo ni edad de los trabajadores, queda fijado en 30 euros\/d\u00eda o 900 euros\/mes, seg\u00fan que el&hellip;<\/p>\n","protected":false},"author":2,"featured_media":9738,"comment_status":"open","ping_status":"open","sticky":false,"template":"","format":"standard","meta":{"footnotes":""},"categories":[1],"tags":[102],"class_list":["post-13187","post","type-post","status-publish","format-standard","has-post-thumbnail","hentry","category-noticias","tag-laboral-y-seguridad-social","category-1","description-off"],"_links":{"self":[{"href":"https:\/\/www.csfconsulting.es\/en\/wp-json\/wp\/v2\/posts\/13187","targetHints":{"allow":["GET"]}}],"collection":[{"href":"https:\/\/www.csfconsulting.es\/en\/wp-json\/wp\/v2\/posts"}],"about":[{"href":"https:\/\/www.csfconsulting.es\/en\/wp-json\/wp\/v2\/types\/post"}],"author":[{"embeddable":true,"href":"https:\/\/www.csfconsulting.es\/en\/wp-json\/wp\/v2\/users\/2"}],"replies":[{"embeddable":true,"href":"https:\/\/www.csfconsulting.es\/en\/wp-json\/wp\/v2\/comments?post=13187"}],"version-history":[{"count":0,"href":"https:\/\/www.csfconsulting.es\/en\/wp-json\/wp\/v2\/posts\/13187\/revisions"}],"wp:featuredmedia":[{"embeddable":true,"href":"https:\/\/www.csfconsulting.es\/en\/wp-json\/wp\/v2\/media\/9738"}],"wp:attachment":[{"href":"https:\/\/www.csfconsulting.es\/en\/wp-json\/wp\/v2\/media?parent=13187"}],"wp:term":[{"taxonomy":"category","embeddable":true,"href":"https:\/\/www.csfconsulting.es\/en\/wp-json\/wp\/v2\/categories?post=13187"},{"taxonomy":"post_tag","embeddable":true,"href":"https:\/\/www.csfconsulting.es\/en\/wp-json\/wp\/v2\/tags?post=13187"}],"curies":[{"name":"wp","href":"https:\/\/api.w.org\/{rel}","templated":true}]}}