{"id":13722,"date":"2019-07-30T15:21:54","date_gmt":"2019-07-30T13:21:54","guid":{"rendered":"https:\/\/www.csfconsulting.es\/?p=13722\/"},"modified":"2019-07-30T16:08:30","modified_gmt":"2019-07-30T14:08:30","slug":"cuidado-con-la-garantia-de-los-productos","status":"publish","type":"post","link":"https:\/\/www.csfconsulting.es\/en\/cuidado-con-la-garantia-de-los-productos\/","title":{"rendered":"Cuidado con la Garant\u00eda de los Productos"},"content":{"rendered":"<h2>Los consumidores est\u00e1n protegidos por un sistema legan que tiene en la garant\u00eda uno de sus grandes pilares. Pero, a pesar de su importancia, sigue siendo una desconocida para una gran mayor\u00eda, por lo que est\u00e1 bien hacer un somero repaso de sus caracter\u00edsticas principales.<\/h2>\n<p>La garant\u00eda es un derecho que la ley reconoce a las personas consumidoras y que afecta a los bienes destinados a su consumo privado. La garant\u00eda protege durante un tiempo determinado frente a la falta de conformidad o a los defectos existentes en el momento de la compraventa. Tambi\u00e9n cubre la instalaci\u00f3n, si aparece incluida en el precio junto con el producto.<\/p>\n<h3>\u00bfQui\u00e9n es el responsable de la Garant\u00eda?<\/h3>\n<p><strong>Sin dudar.<\/strong> El responsable es <strong>el establecimiento<\/strong> donde compramos el producto.<\/p>\n<p><em>(Si despu\u00e9s surge alg\u00fan problema, tendr\u00e1 que ser el establecimiento quien se entienda con el fabricante en cuesti\u00f3n de reparaciones o devoluciones).<\/em><\/p>\n<h3>\u00bfCu\u00e1nto dura la Garant\u00eda?<\/h3>\n<p>Buena pregunta. Depender\u00e1 de si el producto es <strong>nuevo<\/strong> o de <strong>segunda mano<\/strong>.<\/p>\n<p>En el caso de productos <strong>NUEVOS<\/strong>, la garant\u00eda dura <strong>DOS A\u00d1OS<\/strong>, a contar desde la compra o la entrega del producto, si la fecha de esta \u00faltima es distinta a la fecha de compra.La diferenciaci\u00f3n entre fecha de compra y fecha de entrega es importante, sobre todo cuando la entrega se encuentra muy diferida en el tiempo respecto a la compra.<\/p>\n<p><em>(Ejemplo; si yo compra un mueble a medida el d\u00eda 25 de marzo y la entrega se produce el d\u00eda 25 de abril, la fecha en que empieza a correr la garant\u00eda es el 25 de abril).<\/em><\/p>\n<p>En el caso de productos de <strong>SEGUNDA MANO<\/strong>, la ley dice que se puede acordar con el vendedor un plazo de garant\u00eda m\u00e1s corto, pero dicho plazo nunca podr\u00e1 ser inferior a <strong>UN A\u00d1O<\/strong>, a contar desde la fecha de la entrega del producto.<\/p>\n<p><strong>Garant\u00eda comercial.<\/strong> Es una ampliaci\u00f3n de los plazos de garant\u00eda legal, a voluntad del vendedor. Pero ojo, <strong>NO SUSTITUYE<\/strong>, en ning\u00fan caso a las legalmente establecidas y cualquier cl\u00e1usula de un contrato que as\u00ed lo pretenda carece de valor.<\/p>\n<h3>\u00bfC\u00f3mo se hace efectiva la Garant\u00eda?<\/h3>\n<p>Parece complicado, pero no lo es. Se ha de partir siempre de la fecha de compra (o entrega) del producto:<\/p>\n<h4><strong>Dentro de los seis primeros meses desde la compra<\/strong>\u00a0(o entrega, como antes hemos comentado).<\/h4>\n<p>La ley hace una <strong>presunci\u00f3n en favor del consumidor<\/strong>, al establecer que los defectos que <strong>aparezcan en ese per\u00edodo de tiempo se entiende que ya exist\u00edan en el momento de la compra\/entrega. Tiene que ser el vendedor quien pruebe que los defectos no existen o que se deben a un mal uso.<\/strong><\/p>\n<p>Es decir que, en principio, basta con que el consumidor demuestre que se ha producido el defecto para que la garant\u00eda entre en funcionamiento.<\/p>\n<p>En este caso, el consumidor tiene derecho a elegir la reparaci\u00f3n del producto o la sustituci\u00f3n por uno nuevo, salvo que una de estas opciones (reparaci\u00f3n o sustituci\u00f3n):<\/p>\n<ul>\n<li>O bien, resulte desproporcionada; es decir, que genere al vendedor unos gastos poco razonables comparados con la otra opci\u00f3n.<em> (Por ejemplo, si la reparaci\u00f3n vale 1.000 y un producto nuevo cuesta 200, no cabr\u00e1 el derecho de elecci\u00f3n y el derecho de garant\u00eda se har\u00e1 efectivo mediante la sustituci\u00f3n del producto por uno nuevo).<\/em><\/li>\n<li>O bien, sea imposible de cumplir (<em>por ejemplo, si el producto es imposible de reparar, la efectividad de la garant\u00eda consistir\u00e1 en la sustituci\u00f3n por un producto nuevo).<\/em><\/li>\n<\/ul>\n<p>La <strong>reparaci\u00f3n<\/strong> de los productos en garant\u00eda tiene que ser completamente gratuita, y debe hacerse en un plazo razonable y sin inconvenientes para el consumidor (mientras dure la reparaci\u00f3n, se suspende el c\u00f3mputo del plazo de dos a\u00f1os). La reparaci\u00f3n tiene una garant\u00eda de 6 meses.<\/p>\n<p>En el caso de la <strong>sustituci\u00f3n<\/strong>, no se inicia un nuevo plazo de garant\u00eda, sino que se vuelve a activar el c\u00f3mputo del plazo pendiente de la garant\u00eda del producto original. Es decir, que el nuevo producto que se entrega en sustituci\u00f3n del original no tiene una nueva garant\u00eda de dos a\u00f1os, sino el tiempo que quede hasta que se cumplan los dos a\u00f1os desde la compra del producto original.<\/p>\n<p>Finalmente, si la reparaci\u00f3n o la sustituci\u00f3n no hacen efectiva la garant\u00eda, el consumidor puede optar por devolver el producto y que se le retorne el dinero o, si el defecto es menor, qued\u00e1rselo con una rebaja del precio que pag\u00f3 inicialmente.<\/p>\n<h4>Pasados los seis meses desde la compra<\/h4>\n<p>El vendedor puede exigir al consumidor que pruebe que el defecto es de origen y que no se debe a un mal uso o, simplemente, al desgaste por el paso del tiempo.<\/p>\n<p>Si no hay un acuerdo a menudo se hace necesario peritar el producto. En el caso que se demostrase que el defecto es de origen, se aplicar\u00eda lo antes explicado sobre reparaci\u00f3n y sustituci\u00f3n del producto defectuoso.<\/p>\n<p>Pueden ponerse en contacto con este despacho profesional para cualquier duda o aclaraci\u00f3n que puedan tener al respecto.<\/p>\n<p>Para descargarse el texto de la publicaci\u00f3n, <a href=\"https:\/\/www.csfconsulting.es\/wp-content\/uploads\/Garantia-de-productos-325.pdf\" target=\"_blank\" rel=\"noopener\">pulse aqu\u00ed.<\/a><\/p>\n<p><strong>CSF Consulting Abogados y Economistas,<\/strong><\/p>\n","protected":false},"excerpt":{"rendered":"<p>Los consumidores est\u00e1n protegidos por un sistema legan que tiene en la garant\u00eda uno de sus grandes pilares. Pero, a pesar de su importancia, sigue siendo una desconocida para una gran mayor\u00eda, por lo que est\u00e1 bien hacer un somero repaso de sus caracter\u00edsticas principales. La garant\u00eda es un derecho que la ley reconoce a&hellip;<\/p>\n","protected":false},"author":2,"featured_media":12738,"comment_status":"open","ping_status":"open","sticky":false,"template":"","format":"standard","meta":{"footnotes":""},"categories":[1],"tags":[113],"class_list":["post-13722","post","type-post","status-publish","format-standard","has-post-thumbnail","hentry","category-noticias","tag-mercantil","category-1","description-off"],"_links":{"self":[{"href":"https:\/\/www.csfconsulting.es\/en\/wp-json\/wp\/v2\/posts\/13722","targetHints":{"allow":["GET"]}}],"collection":[{"href":"https:\/\/www.csfconsulting.es\/en\/wp-json\/wp\/v2\/posts"}],"about":[{"href":"https:\/\/www.csfconsulting.es\/en\/wp-json\/wp\/v2\/types\/post"}],"author":[{"embeddable":true,"href":"https:\/\/www.csfconsulting.es\/en\/wp-json\/wp\/v2\/users\/2"}],"replies":[{"embeddable":true,"href":"https:\/\/www.csfconsulting.es\/en\/wp-json\/wp\/v2\/comments?post=13722"}],"version-history":[{"count":0,"href":"https:\/\/www.csfconsulting.es\/en\/wp-json\/wp\/v2\/posts\/13722\/revisions"}],"wp:featuredmedia":[{"embeddable":true,"href":"https:\/\/www.csfconsulting.es\/en\/wp-json\/wp\/v2\/media\/12738"}],"wp:attachment":[{"href":"https:\/\/www.csfconsulting.es\/en\/wp-json\/wp\/v2\/media?parent=13722"}],"wp:term":[{"taxonomy":"category","embeddable":true,"href":"https:\/\/www.csfconsulting.es\/en\/wp-json\/wp\/v2\/categories?post=13722"},{"taxonomy":"post_tag","embeddable":true,"href":"https:\/\/www.csfconsulting.es\/en\/wp-json\/wp\/v2\/tags?post=13722"}],"curies":[{"name":"wp","href":"https:\/\/api.w.org\/{rel}","templated":true}]}}