{"id":15790,"date":"2020-09-02T09:37:07","date_gmt":"2020-09-02T07:37:07","guid":{"rendered":"https:\/\/www.csfconsulting.es\/?p=15790\/"},"modified":"2020-09-02T09:39:51","modified_gmt":"2020-09-02T07:39:51","slug":"upta-exige-la-ampliacion-del-cese-de-actividad-extraordinario-por-covid-19-para-la-conciliacion-de-los-autonomos","status":"publish","type":"post","link":"https:\/\/www.csfconsulting.es\/en\/upta-exige-la-ampliacion-del-cese-de-actividad-extraordinario-por-covid-19-para-la-conciliacion-de-los-autonomos\/","title":{"rendered":"UPTA exige la ampliaci\u00f3n del cese de actividad extraordinario por COVID-19 para la conciliaci\u00f3n de los aut\u00f3nomos"},"content":{"rendered":"<p>La Uni\u00f3n de Profesionales y Trabajadores Aut\u00f3nomos (UPTA), que asocian a trabajadores y trabajadoras por cuenta propia, micro-empresarios y emprendedores de los distintos sectores o ramas de actividad econ\u00f3mica, con presencia en todas las Comunidades Aut\u00f3nomas, ha pedido al Ministerio de Inclusi\u00f3n, Seguridad Social y Migraciones que se proteja a aquellos padres y madres trabajadores y trabajadoras aut\u00f3nomas que deban ausentarse de sus negocios o cerrarlos porque sus hijos deban permanecer en cuarentena, ya sea por ser positivos en COVID-19 o porque hayan estado en contacto con alg\u00fan enfermo. Para la Confederaci\u00f3n: &#8220;La inminente vuelta al cole provocar\u00e1 el incremento de estas situaciones, ya que los ni\u00f1os dejar\u00e1n de estar en sus casas y acudir\u00e1n de nuevo a las aulas&#8221;.<\/p>\n<p>Anteponi\u00e9ndose a la situaci\u00f3n econ\u00f3mica complicada en que quedar\u00edan muchos aut\u00f3nomos si por motivo del cuidado de hijos se viesen obligados a cerrar su negocio, dese la organizaci\u00f3n, piden &#8220;al gobierno que este tipo de casos est\u00e9n amparados bajo el cese de actividad extraordinario, para que ning\u00fan aut\u00f3nomo que se vea en esta situaci\u00f3n se quede sin un respaldo econ\u00f3mico&#8221;.<\/p>\n<h2>Articulaci\u00f3n de un permiso retribuido para los aut\u00f3nomos con ni\u00f1os que tengan que permanecer en cuarentena.<\/h2>\n<p>Eduardo Abad, presidente de UPTA, &#8220;es necesario y urgente que el Gobierno Central articule un permiso retribuido para los padres de ni\u00f1os que tengan que permanecer en cuarentena. La realidad es que va a haber muchas familias que tendr\u00e1n que abandonar su actividad porque sus hijos den positivo en COVID-19 y tengan que permanecer en sus casas. Necesitamos mecanismos de protecci\u00f3n, una cobertura econ\u00f3mica para que los padres puedan ausentarse del trabajo para cuidar a sus hijos sin que eso suponga una disminuci\u00f3n de sus ingresos, muy mermados en muchos casos. Sin esta protecci\u00f3n estaremos condenando a los trabajadores aut\u00f3nomos, principalmente a las aut\u00f3nomas, que lamentablemente siguen siendo las que en esas circunstancias m\u00e1s sacrifican su carrera profesional por el cuidado y la atenci\u00f3n de los hijos&#8221;.<\/p>\n<p><em>Fuente: UPTA<\/em><\/p>\n<p>Pueden ponerse en contacto con este despacho profesional para cualquier duda o aclaraci\u00f3n que puedan tener al respecto.<\/p>\n<p>Madrid, a 2 de septiembre de 2020<\/p>\n<p><strong>CSF Consulting Abogados y Economistas,<\/strong><\/p>\n","protected":false},"excerpt":{"rendered":"<p>La Uni\u00f3n de Profesionales y Trabajadores Aut\u00f3nomos (UPTA), que asocian a trabajadores y trabajadoras por cuenta propia, micro-empresarios y emprendedores de los distintos sectores o ramas de actividad econ\u00f3mica, con presencia en todas las Comunidades Aut\u00f3nomas, ha pedido al Ministerio de Inclusi\u00f3n, Seguridad Social y Migraciones que se proteja a aquellos padres y madres trabajadores&hellip;<\/p>\n","protected":false},"author":2,"featured_media":12684,"comment_status":"open","ping_status":"open","sticky":false,"template":"","format":"standard","meta":{"footnotes":""},"categories":[1],"tags":[],"class_list":["post-15790","post","type-post","status-publish","format-standard","has-post-thumbnail","hentry","category-noticias","category-1","description-off"],"_links":{"self":[{"href":"https:\/\/www.csfconsulting.es\/en\/wp-json\/wp\/v2\/posts\/15790","targetHints":{"allow":["GET"]}}],"collection":[{"href":"https:\/\/www.csfconsulting.es\/en\/wp-json\/wp\/v2\/posts"}],"about":[{"href":"https:\/\/www.csfconsulting.es\/en\/wp-json\/wp\/v2\/types\/post"}],"author":[{"embeddable":true,"href":"https:\/\/www.csfconsulting.es\/en\/wp-json\/wp\/v2\/users\/2"}],"replies":[{"embeddable":true,"href":"https:\/\/www.csfconsulting.es\/en\/wp-json\/wp\/v2\/comments?post=15790"}],"version-history":[{"count":0,"href":"https:\/\/www.csfconsulting.es\/en\/wp-json\/wp\/v2\/posts\/15790\/revisions"}],"wp:featuredmedia":[{"embeddable":true,"href":"https:\/\/www.csfconsulting.es\/en\/wp-json\/wp\/v2\/media\/12684"}],"wp:attachment":[{"href":"https:\/\/www.csfconsulting.es\/en\/wp-json\/wp\/v2\/media?parent=15790"}],"wp:term":[{"taxonomy":"category","embeddable":true,"href":"https:\/\/www.csfconsulting.es\/en\/wp-json\/wp\/v2\/categories?post=15790"},{"taxonomy":"post_tag","embeddable":true,"href":"https:\/\/www.csfconsulting.es\/en\/wp-json\/wp\/v2\/tags?post=15790"}],"curies":[{"name":"wp","href":"https:\/\/api.w.org\/{rel}","templated":true}]}}