{"id":15818,"date":"2020-09-08T09:03:52","date_gmt":"2020-09-08T07:03:52","guid":{"rendered":"https:\/\/www.csfconsulting.es\/?p=15818\/"},"modified":"2020-09-08T09:24:44","modified_gmt":"2020-09-08T07:24:44","slug":"el-30-de-septiembre-finalizara-la-prorroga-de-la-prestacion-extraordinaria-de-cese-de-actividad-para-los-autonomos","status":"publish","type":"post","link":"https:\/\/www.csfconsulting.es\/en\/el-30-de-septiembre-finalizara-la-prorroga-de-la-prestacion-extraordinaria-de-cese-de-actividad-para-los-autonomos\/","title":{"rendered":"El 30 de septiembre finalizar\u00e1 la pr\u00f3rroga de la prestaci\u00f3n extraordinaria de cese de actividad para los aut\u00f3nomos"},"content":{"rendered":"<p>Le informamos que el <strong>30 de septiembre (salvo nueva pr\u00f3rroga) finalizar\u00e1 la pr\u00f3rroga<\/strong> <strong>de la prestaci\u00f3n extraordinaria de cese de actividad<\/strong> que se aprob\u00f3 por el RDL 24\/2020, en el que tambi\u00e9n se recoge la exenci\u00f3n de la cotizaci\u00f3n a la Seguridad Social para los que vinieran percibiendo dicha prestaci\u00f3n extraordinaria. Estos trabajadores no pagaron la cuota de julio, tuvieron una exenci\u00f3n del 50% en agosto y en este mes de septiembre, ser\u00e1 del 25%, pagando la cuota \u00edntegra en el mes de octubre. En este RDL 24\/2020 tambi\u00e9n se recogi\u00f3 una nueva ayuda para los denominados \u00abaut\u00f3nomos de temporada\u00bb, que se hab\u00edan quedado fuera de la anterior prestaci\u00f3n.<\/p>\n<p>Recordemos que los beneficiarios de la prestaci\u00f3n extraordinaria pueden solicitar la prestaci\u00f3n ordinaria por cese de actividad, si acreditan una reducci\u00f3n de la factura del 75% del tercer trimestre de este a\u00f1o en comparaci\u00f3n con el mismo trimestre del a\u00f1o anterior (para ello no se necesitar\u00e1 esperar la finalizaci\u00f3n del trimestre: podr\u00e1 solicitarse la prestaci\u00f3n ordinaria si se estima el cumplimiento de los requisitos, que se acreditar\u00e1n de forma documental tras dicho trimestre).<\/p>\n<p>En el caso de los aut\u00f3nomos que tengan uno o m\u00e1s trabajadores a su cargo, deber\u00e1 acreditarse al tiempo de solicitar la prestaci\u00f3n el cumplimiento de todas las obligaciones laborales y de Seguridad Social que tengan asumidas. Para ello emitir\u00e1n una declaraci\u00f3n responsable, pudiendo ser requeridos por las mutuas colaboradoras con la Seguridad Social o por la entidad gestora para que aporten los documentos precisos.<\/p>\n<p>Tambi\u00e9n deber\u00e1n pagar aquellos aut\u00f3nomos que pidieron una moratoria en el pago de las cuotas a la Seguridad Social, de acuerdo con el\u00a0art. 34 RDL 11\/2020, 31 mar., en el que se establec\u00eda\u00a0<em>\u00abotorgar moratorias de seis meses, sin inter\u00e9s, a las empresas y los trabajadores por cuenta propia incluidos en cualquier r\u00e9gimen de la Seguridad Social, siempre que las actividades que realicen no se hayan suspendido con la declaraci\u00f3n del estado de alarma y se cumplan los requisitos de la OM ISM\/371\/2020, 24 abr.\u00bb<\/em>.<\/p>\n<p>Con este acuerdo se quer\u00eda dar un respiro al menos hasta octubre para compensar las posibles p\u00e9rdidas de los aut\u00f3nomos en verano. Sin embargo, dado el aumento de los rebrotes y contagios, se ha seguido restringiendo la actividad de los aut\u00f3nomos. Por ello, desde ATA se ha solicitado que se prorroguen hasta el 1 de abril de 2021 las ayudas ya existentes.<\/p>\n<p>Pueden ponerse en contacto con este despacho profesional para cualquier duda o aclaraci\u00f3n que puedan tener al respecto.<\/p>\n<p>Madrid, a 8 de septiembre de 2020<\/p>\n<p><strong>CSF Consulting Abogados y Economistas,<\/strong><\/p>\n","protected":false},"excerpt":{"rendered":"<p>Le informamos que el 30 de septiembre (salvo nueva pr\u00f3rroga) finalizar\u00e1 la pr\u00f3rroga de la prestaci\u00f3n extraordinaria de cese de actividad que se aprob\u00f3 por el RDL 24\/2020, en el que tambi\u00e9n se recoge la exenci\u00f3n de la cotizaci\u00f3n a la Seguridad Social para los que vinieran percibiendo dicha prestaci\u00f3n extraordinaria. Estos trabajadores no pagaron&hellip;<\/p>\n","protected":false},"author":2,"featured_media":15040,"comment_status":"open","ping_status":"open","sticky":false,"template":"","format":"standard","meta":{"footnotes":""},"categories":[158,1],"tags":[],"class_list":["post-15818","post","type-post","status-publish","format-standard","has-post-thumbnail","hentry","category-covid-19","category-noticias","category-158","category-1","description-off"],"_links":{"self":[{"href":"https:\/\/www.csfconsulting.es\/en\/wp-json\/wp\/v2\/posts\/15818","targetHints":{"allow":["GET"]}}],"collection":[{"href":"https:\/\/www.csfconsulting.es\/en\/wp-json\/wp\/v2\/posts"}],"about":[{"href":"https:\/\/www.csfconsulting.es\/en\/wp-json\/wp\/v2\/types\/post"}],"author":[{"embeddable":true,"href":"https:\/\/www.csfconsulting.es\/en\/wp-json\/wp\/v2\/users\/2"}],"replies":[{"embeddable":true,"href":"https:\/\/www.csfconsulting.es\/en\/wp-json\/wp\/v2\/comments?post=15818"}],"version-history":[{"count":0,"href":"https:\/\/www.csfconsulting.es\/en\/wp-json\/wp\/v2\/posts\/15818\/revisions"}],"wp:featuredmedia":[{"embeddable":true,"href":"https:\/\/www.csfconsulting.es\/en\/wp-json\/wp\/v2\/media\/15040"}],"wp:attachment":[{"href":"https:\/\/www.csfconsulting.es\/en\/wp-json\/wp\/v2\/media?parent=15818"}],"wp:term":[{"taxonomy":"category","embeddable":true,"href":"https:\/\/www.csfconsulting.es\/en\/wp-json\/wp\/v2\/categories?post=15818"},{"taxonomy":"post_tag","embeddable":true,"href":"https:\/\/www.csfconsulting.es\/en\/wp-json\/wp\/v2\/tags?post=15818"}],"curies":[{"name":"wp","href":"https:\/\/api.w.org\/{rel}","templated":true}]}}