{"id":17245,"date":"2021-12-16T17:49:30","date_gmt":"2021-12-16T16:49:30","guid":{"rendered":"https:\/\/www.csfconsulting.es\/?p=17245"},"modified":"2021-12-16T17:49:30","modified_gmt":"2021-12-16T16:49:30","slug":"la-seguridad-social-mejora-la-cotizacion-de-cuidadoras-no-profesionales-de-familiares-dependientes","status":"publish","type":"post","link":"https:\/\/www.csfconsulting.es\/en\/la-seguridad-social-mejora-la-cotizacion-de-cuidadoras-no-profesionales-de-familiares-dependientes\/","title":{"rendered":"La Seguridad Social mejora la cotizaci\u00f3n de cuidadoras no profesionales de familiares dependientes"},"content":{"rendered":"<p>El\u00a0Real Decreto 1057\/2021, de 30 de noviembre, publicado en el BOE del 14 de diciembre y en vigor el 15 del mismo mes, ha modificado el\u00a0Real Decreto\u00a0615\/2007, de\u00a011 de mayo, por el que se regula la Seguridad Social de los cuidadores de las personas en situaci\u00f3n de dependencia.<\/p>\n<p>La modificaci\u00f3n afecta al art\u00edculo 4.2, relativo a la cotizaci\u00f3n de las personas que como consecuencia de la realizaci\u00f3n de cuidados no profesionales han de reducir su jornada de trabajo y la correspondiente retribuci\u00f3n, para:<\/p>\n<ul>\n<li><em>Establecer c\u00f3mo se determina la base de cotizaci\u00f3n original, tomando un per\u00edodo de referencia m\u00e1s amplio para su c\u00e1lculo<\/em>.<\/li>\n<\/ul>\n<p>De esta forma, la suma de la base de cotizaci\u00f3n por el convenio especial y de la base de cotizaci\u00f3n correspondiente a la actividad laboral realizada por la persona cuidadora no profesional no podr\u00e1 ser superior a la base de cotizaci\u00f3n resultante de dividir entre 12 la suma de las bases por contingencias comunes por las que se hayan efectuado cotizaciones durante los 12 meses consecutivos anteriores a la reducci\u00f3n de la jornada y de retribuci\u00f3n por atender al familiar en situaci\u00f3n de dependencia.<\/p>\n<p>En el caso de que se tenga acreditado un per\u00edodo de cotizaci\u00f3n inferior a 12 meses, la base estar\u00e1 constituida por el resultado de multiplicar por 30 el cociente de dividir la suma de las bases de cotizaci\u00f3n entre el n\u00famero de d\u00edas cotizados.<\/p>\n<p>Si en el c\u00e1lculo de esta base inicial se superase el l\u00edmite indicado, se proceder\u00e1 a reducir la base de cotizaci\u00f3n del convenio especial.<\/p>\n<ul>\n<li><em>Actualizar anualmente la base de cotizaci\u00f3n original.<\/em><\/li>\n<\/ul>\n<p>La base de cotizaci\u00f3n del convenio especial inicialmente calculada, conforme a las pautas descritas en el punto anterior, se actualizar\u00e1 anualmente en el mismo porcentaje en que lo haga el tope m\u00ednimo de cotizaci\u00f3n del R\u00e9gimen General.<\/p>\n<p>De esta actualizaci\u00f3n tambi\u00e9n se beneficiar\u00e1n aquellas personas que, por pasar a tener la condici\u00f3n de cuidadoras\/es de personas en situaci\u00f3n de dependencia, extinguen una situaci\u00f3n anterior de convenio especial con la Seguridad Social y pasan a suscribir el convenio especial de cuidadores\/as no profesionales de personas en situaci\u00f3n de dependencia.<\/p>\n<p>Por \u00faltimo, esta actualizaci\u00f3n anual tambi\u00e9n se aplicar\u00e1 a convenios que estuvieran ya suscritos antes del 15 de diciembre de 2021, fecha de entrada en vigor de la modificaci\u00f3n objeto de esta entrada.<\/p>\n<p>Pueden ponerse en contacto con este despacho profesional para cualquier duda o aclaraci\u00f3n que puedan tener al respecto.<\/p>\n<p>Madrid, a 16 de diciembre de 2021<\/p>\n<p><strong>Afianza CSF<\/strong>,<\/p>\n","protected":false},"excerpt":{"rendered":"<p>El\u00a0Real Decreto 1057\/2021, de 30 de noviembre, publicado en el BOE del 14 de diciembre y en vigor el 15 del mismo mes, ha modificado el\u00a0Real Decreto\u00a0615\/2007, de\u00a011 de mayo, por el que se regula la Seguridad Social de los cuidadores de las personas en situaci\u00f3n de dependencia. La modificaci\u00f3n afecta al art\u00edculo 4.2, relativo&hellip;<\/p>\n","protected":false},"author":2,"featured_media":10002,"comment_status":"open","ping_status":"open","sticky":false,"template":"","format":"standard","meta":{"footnotes":""},"categories":[1],"tags":[102],"class_list":["post-17245","post","type-post","status-publish","format-standard","has-post-thumbnail","hentry","category-noticias","tag-laboral-y-seguridad-social","category-1","description-off"],"_links":{"self":[{"href":"https:\/\/www.csfconsulting.es\/en\/wp-json\/wp\/v2\/posts\/17245","targetHints":{"allow":["GET"]}}],"collection":[{"href":"https:\/\/www.csfconsulting.es\/en\/wp-json\/wp\/v2\/posts"}],"about":[{"href":"https:\/\/www.csfconsulting.es\/en\/wp-json\/wp\/v2\/types\/post"}],"author":[{"embeddable":true,"href":"https:\/\/www.csfconsulting.es\/en\/wp-json\/wp\/v2\/users\/2"}],"replies":[{"embeddable":true,"href":"https:\/\/www.csfconsulting.es\/en\/wp-json\/wp\/v2\/comments?post=17245"}],"version-history":[{"count":0,"href":"https:\/\/www.csfconsulting.es\/en\/wp-json\/wp\/v2\/posts\/17245\/revisions"}],"wp:featuredmedia":[{"embeddable":true,"href":"https:\/\/www.csfconsulting.es\/en\/wp-json\/wp\/v2\/media\/10002"}],"wp:attachment":[{"href":"https:\/\/www.csfconsulting.es\/en\/wp-json\/wp\/v2\/media?parent=17245"}],"wp:term":[{"taxonomy":"category","embeddable":true,"href":"https:\/\/www.csfconsulting.es\/en\/wp-json\/wp\/v2\/categories?post=17245"},{"taxonomy":"post_tag","embeddable":true,"href":"https:\/\/www.csfconsulting.es\/en\/wp-json\/wp\/v2\/tags?post=17245"}],"curies":[{"name":"wp","href":"https:\/\/api.w.org\/{rel}","templated":true}]}}