{"id":18152,"date":"2023-02-09T11:17:27","date_gmt":"2023-02-09T10:17:27","guid":{"rendered":"https:\/\/www.csfconsulting.es\/?p=18152"},"modified":"2023-02-09T11:17:27","modified_gmt":"2023-02-09T10:17:27","slug":"como-se-puede-acceder-al-paro-de-los-autonomos-en-2023","status":"publish","type":"post","link":"https:\/\/www.csfconsulting.es\/en\/como-se-puede-acceder-al-paro-de-los-autonomos-en-2023\/","title":{"rendered":"C\u00f3mo se puede acceder al paro de los aut\u00f3nomos en 2023"},"content":{"rendered":"<p>Es imprescindible tener cotizados al menos 12 meses por la contingencia de cese de actividad, estar al corriente en el pago de las cuotas a la Seguridad Social y en el caso de que se trate de un cese de actividad definitivo no puede haber superado la edad de jubilaci\u00f3n que, en 2022 es de 66 a\u00f1os y 2 meses (66 a\u00f1os y 4 meses en 2023) o bien de 65 a\u00f1os si se han cotizado al menos 37 a\u00f1os y 9 meses.<\/p>\n<p>Los trabajadores aut\u00f3nomos que se queden sin empleo pueden acceder al paro. Sin embargo, pese a que la medida est\u00e1 en marcha desde 2015, los profesionales aut\u00f3nomos deben cumplir con una serie de requisitos para acceder a la prestaci\u00f3n por desempleo este 2023.<\/p>\n<h2>Requisitos para cobrar el paro de aut\u00f3nomos<\/h2>\n<p>Es imprescindible que los aut\u00f3nomos tengan\u00a0<strong>cotizados al menos 12 meses por la contingencia de cese de actividad<\/strong>, que est\u00e9n al corriente del\u00a0<strong>pago de las cuotas a la Seguridad Social<\/strong>\u00a0y en el caso de que se trate de un cese de actividad definitivo no pueden haber superado la edad de jubilaci\u00f3n que, en 2022 es de 66 a\u00f1os y 2 meses (66 a\u00f1os y 4 meses en 2023) o bien de 65 a\u00f1os si se han cotizado al menos 37 a\u00f1os y 9 meses.<\/p>\n<p>Para poder acceder a la prestaci\u00f3n, deben tener\u00a0<strong>motivos econ\u00f3micos, t\u00e9cnicos, productivos u organizativos<\/strong>, con lo que deber\u00edan acreditar el 10% de p\u00e9rdidas. Tambi\u00e9n por causas de fuerza mayor, por p\u00e9rdida de licencia administrativa o por cuestiones de divorcio o violencia de g\u00e9nero.<\/p>\n<p>Tambi\u00e9n pueden acceder al paro debido a un\u00a0<strong>ERTE<\/strong>, consider\u00e1ndose \u00e9ste como la reducci\u00f3n del 60% de la jornada de los trabajadores por cuenta ajena que los profesionales tengan contratados. O bien si en los dos trimestres fiscales previos el nivel de ingresos o de ventas se ha reducido en un 75% con respecto a los que se registraron en los mismos periodos del ejercicio.<\/p>\n<p>Por otra parte, podr\u00e1n acceder a la prestaci\u00f3n si incurren en\u00a0<strong>deudas con sus acreedores<\/strong>, siempre que no superen el 150% de los ingresos ordinarios de las ventas de los dos trimestres fiscales previos a la solicitud.<\/p>\n<p>Como requisito indispensable para solicitar la prestaci\u00f3n por cese de actividad, deben\u00a0<strong>adjuntar toda la documentaci\u00f3n acreditativa de tu situaci\u00f3n<\/strong>\u00a0y\u00a0<strong>estar al corriente de tus cuotas de la Seguridad Social.\u00a0<\/strong><\/p>\n<p>Pueden ponerse en contacto con este despacho profesional para cualquier duda o aclaraci\u00f3n que puedan tener al respecto.<\/p>\n<p>Madrid, a 9 de febrero de 2023<\/p>\n<p><strong>Afianza CSF,<\/strong><\/p>\n","protected":false},"excerpt":{"rendered":"<p>Es imprescindible tener cotizados al menos 12 meses por la contingencia de cese de actividad, estar al corriente en el pago de las cuotas a la Seguridad Social y en el caso de que se trate de un cese de actividad definitivo no puede haber superado la edad de jubilaci\u00f3n que, en 2022 es de&hellip;<\/p>\n","protected":false},"author":2,"featured_media":11947,"comment_status":"open","ping_status":"open","sticky":false,"template":"","format":"standard","meta":{"footnotes":""},"categories":[1],"tags":[102],"class_list":["post-18152","post","type-post","status-publish","format-standard","has-post-thumbnail","hentry","category-noticias","tag-laboral-y-seguridad-social","category-1","description-off"],"_links":{"self":[{"href":"https:\/\/www.csfconsulting.es\/en\/wp-json\/wp\/v2\/posts\/18152","targetHints":{"allow":["GET"]}}],"collection":[{"href":"https:\/\/www.csfconsulting.es\/en\/wp-json\/wp\/v2\/posts"}],"about":[{"href":"https:\/\/www.csfconsulting.es\/en\/wp-json\/wp\/v2\/types\/post"}],"author":[{"embeddable":true,"href":"https:\/\/www.csfconsulting.es\/en\/wp-json\/wp\/v2\/users\/2"}],"replies":[{"embeddable":true,"href":"https:\/\/www.csfconsulting.es\/en\/wp-json\/wp\/v2\/comments?post=18152"}],"version-history":[{"count":1,"href":"https:\/\/www.csfconsulting.es\/en\/wp-json\/wp\/v2\/posts\/18152\/revisions"}],"predecessor-version":[{"id":18153,"href":"https:\/\/www.csfconsulting.es\/en\/wp-json\/wp\/v2\/posts\/18152\/revisions\/18153"}],"wp:featuredmedia":[{"embeddable":true,"href":"https:\/\/www.csfconsulting.es\/en\/wp-json\/wp\/v2\/media\/11947"}],"wp:attachment":[{"href":"https:\/\/www.csfconsulting.es\/en\/wp-json\/wp\/v2\/media?parent=18152"}],"wp:term":[{"taxonomy":"category","embeddable":true,"href":"https:\/\/www.csfconsulting.es\/en\/wp-json\/wp\/v2\/categories?post=18152"},{"taxonomy":"post_tag","embeddable":true,"href":"https:\/\/www.csfconsulting.es\/en\/wp-json\/wp\/v2\/tags?post=18152"}],"curies":[{"name":"wp","href":"https:\/\/api.w.org\/{rel}","templated":true}]}}