{"id":19326,"date":"2024-10-24T17:18:41","date_gmt":"2024-10-24T15:18:41","guid":{"rendered":"https:\/\/www.csfconsulting.es\/?p=19326"},"modified":"2024-10-24T17:18:41","modified_gmt":"2024-10-24T15:18:41","slug":"plazo-para-solicitud-del-iva-diferido-a-la-importacion-2025","status":"publish","type":"post","link":"https:\/\/www.csfconsulting.es\/en\/plazo-para-solicitud-del-iva-diferido-a-la-importacion-2025\/","title":{"rendered":"Plazo para solicitud del IVA diferido a la importaci\u00f3n 2025"},"content":{"rendered":"<p>Si su empresa presenta declaraciones mensuales de IVA, recuerde que en el mes de noviembre puede optar por diferir el IVA de importaci\u00f3n&#8230;<\/p>\n<p>Si su empresa realiza importaciones y presenta sus declaraciones de IVA mensualmente, en el mes de noviembre puede optar por que le sea aplicable el &#8220;R\u00e9gimen de diferimiento del IVA&#8221; a partir de 2025.<\/p>\n<p>De esta forma, la cuota de IVA a la importaci\u00f3n liquidada por Aduanas se incluye directamente en la declaraci\u00f3n-liquidaci\u00f3n del impuesto (modelo 303\/ 322) correspondiente al periodo en que se reciba el documento donde conste dicha liquidaci\u00f3n, en lugar de ingresarlo conjuntamente con el resto de tributos del DUA de importaci\u00f3n, evitando el efecto financiero del ingreso de dicha cuota.<\/p>\n<ul>\n<li><strong>Atenci\u00f3n.<\/strong> Dicho r\u00e9gimen le permitir\u00e1 satisfacer el IVA de importaci\u00f3n a trav\u00e9s de las declaraciones peri\u00f3dicas de IVA, en lugar de hacerlo a trav\u00e9s del modelo 031 (modelo mediante el que se liquidan el IVA, los aranceles y los impuestos especiales aplicables tras retirar las mercanc\u00edas en la aduana).<\/li>\n<\/ul>\n<p>El R\u00e9gimen de diferimiento del IVA es voluntario y pueden acogerse <strong>las empresas o profesionales que act\u00faen como importadores, que tengan un per\u00edodo de liquidaci\u00f3n que coincida con el mes natural <\/strong>y que soliciten la aplicaci\u00f3n del IVA diferido en los plazos establecidos.<\/p>\n<p>Gracias a ello, su empresa evitar\u00e1 tener que avanzar el pago del IVA de importaci\u00f3n a su agente de aduanas (que es quien se encarga de liquidar el modelo 031) y tener que deduc\u00edrselo m\u00e1s tarde en sus declaraciones de IVA. Con el r\u00e9gimen de diferimiento podr\u00e1 declararlo y deduc\u00edrselo al mismo tiempo -al presentar el modelo 303-, evitando as\u00ed costes financieros.<\/p>\n<p><strong>\u00bfExisten exclusiones?<\/strong><\/p>\n<p>Aquellas empresas importadoras que no utilicen una liquidaci\u00f3n mensual quedar\u00e1n excluidas.<\/p>\n<p><strong>\u00bfC\u00f3mo solicitarlo?<\/strong><\/p>\n<p>Para poder acogernos a dicho diferimiento ser\u00e1 necesario presentar una solicitud a trav\u00e9s de la Declaraci\u00f3n Censal en el Modelo 036 Casilla 530.<\/p>\n<ul>\n<li><strong>Atenci\u00f3n.<\/strong> Es importante destacar que el plazo fijado para solicitar este tipo de declaraci\u00f3n\u00a0<strong>se inicia el 1 de noviembre y finaliza el 30 de noviembre del a\u00f1o previo al que va ser utilizado.<\/strong><\/li>\n<\/ul>\n<p>Una vez solicitado y concedido, se empezar\u00e1 a aplicar en las declaraciones presentadas a partir del 1 de enero del a\u00f1o siguiente. Una vez solicitada la inclusi\u00f3n en este modo de pago, se prorrogar\u00e1 para los a\u00f1os siguientes en tanto no se produzca la renuncia a la misma o la exclusi\u00f3n.<\/p>\n<p>Para m\u00e1s informaci\u00f3n: <a href=\"https:\/\/sede.agenciatributaria.gob.es\/Sede\/iva\/iva-operaciones-comercio-exterior\/iva-importacion-diferir-pago.html\" target=\"_blank\" rel=\"noopener\">https:\/\/sede.agenciatributaria.gob.es\/Sede\/iva\/iva-operaciones-comercio-exterior\/iva-importacion-diferir-pago.html<\/a><\/p>\n<p>Pueden ponerse en contacto con este despacho profesional para cualquier duda o aclaraci\u00f3n que puedan tener al respecto.<\/p>\n<p>Un cordial saludo,<\/p>\n","protected":false},"excerpt":{"rendered":"<p>Si su empresa presenta declaraciones mensuales de IVA, recuerde que en el mes de noviembre puede optar por diferir el IVA de importaci\u00f3n&#8230; Si su empresa realiza importaciones y presenta sus declaraciones de IVA mensualmente, en el mes de noviembre puede optar por que le sea aplicable el &#8220;R\u00e9gimen de diferimiento del IVA&#8221; a partir&hellip;<\/p>\n","protected":false},"author":1,"featured_media":11546,"comment_status":"open","ping_status":"open","sticky":false,"template":"","format":"standard","meta":{"footnotes":""},"categories":[1],"tags":[],"class_list":["post-19326","post","type-post","status-publish","format-standard","has-post-thumbnail","hentry","category-noticias","category-1","description-off"],"_links":{"self":[{"href":"https:\/\/www.csfconsulting.es\/en\/wp-json\/wp\/v2\/posts\/19326","targetHints":{"allow":["GET"]}}],"collection":[{"href":"https:\/\/www.csfconsulting.es\/en\/wp-json\/wp\/v2\/posts"}],"about":[{"href":"https:\/\/www.csfconsulting.es\/en\/wp-json\/wp\/v2\/types\/post"}],"author":[{"embeddable":true,"href":"https:\/\/www.csfconsulting.es\/en\/wp-json\/wp\/v2\/users\/1"}],"replies":[{"embeddable":true,"href":"https:\/\/www.csfconsulting.es\/en\/wp-json\/wp\/v2\/comments?post=19326"}],"version-history":[{"count":1,"href":"https:\/\/www.csfconsulting.es\/en\/wp-json\/wp\/v2\/posts\/19326\/revisions"}],"predecessor-version":[{"id":19327,"href":"https:\/\/www.csfconsulting.es\/en\/wp-json\/wp\/v2\/posts\/19326\/revisions\/19327"}],"wp:featuredmedia":[{"embeddable":true,"href":"https:\/\/www.csfconsulting.es\/en\/wp-json\/wp\/v2\/media\/11546"}],"wp:attachment":[{"href":"https:\/\/www.csfconsulting.es\/en\/wp-json\/wp\/v2\/media?parent=19326"}],"wp:term":[{"taxonomy":"category","embeddable":true,"href":"https:\/\/www.csfconsulting.es\/en\/wp-json\/wp\/v2\/categories?post=19326"},{"taxonomy":"post_tag","embeddable":true,"href":"https:\/\/www.csfconsulting.es\/en\/wp-json\/wp\/v2\/tags?post=19326"}],"curies":[{"name":"wp","href":"https:\/\/api.w.org\/{rel}","templated":true}]}}