{"id":19328,"date":"2024-10-24T17:21:22","date_gmt":"2024-10-24T15:21:22","guid":{"rendered":"https:\/\/www.csfconsulting.es\/?p=19328"},"modified":"2024-10-24T17:21:22","modified_gmt":"2024-10-24T15:21:22","slug":"publicado-el-calendario-de-fiestas-laborales-para-el-ano-2025","status":"publish","type":"post","link":"https:\/\/www.csfconsulting.es\/en\/publicado-el-calendario-de-fiestas-laborales-para-el-ano-2025\/","title":{"rendered":"Publicado el calendario de fiestas laborales para el a\u00f1o 2025"},"content":{"rendered":"<p>En el BOE del d\u00eda 18 de Octubre se ha publicado la Resoluci\u00f3n de 15 de octubre de 2024, de la Direcci\u00f3n General de Trabajo, por la que se publica la relaci\u00f3n de fiestas laborales para el a\u00f1o 2025, de \u00e1mbito nacional, de Comunidad Aut\u00f3noma y de las Ciudades de Ceuta y Melilla. Este a\u00f1o tendremos un total de doce d\u00edas festivos, nueve comunes para toda Espa\u00f1a, a los que hay que sumar dos locales hasta un total de 14 d\u00edas festivos.<\/p>\n<p>En el BOE del d\u00eda 18 de Octubre se ha publicado la Resoluci\u00f3n de 15 de octubre de 2024, de la Direcci\u00f3n General de Trabajo, por la que se publica la relaci\u00f3n de fiestas laborales para el a\u00f1o 2025, de \u00e1mbito nacional, de Comunidad Aut\u00f3noma y de las Ciudades de Ceuta y Melilla. Con ello, se facilita el conocimiento en todo el territorio nacional del conjunto de las fiestas laborales.<\/p>\n<p>Se publican tanto:<\/p>\n<ul>\n<li>Las fiestas de \u00e1mbito nacional, retribuidas y no recuperables no sustituibles por las Comunidades Aut\u00f3nomas (CCAA)<\/li>\n<li>Las fiestas que las Comunidades Aut\u00f3nomas pueden elegir entre celebrar en su territorio o sustituirlas por otras (que por tradici\u00f3n les sean propias).<\/li>\n<\/ul>\n<ul>\n<li>Dos ser\u00e1n elegidas por cada ayuntamiento.<\/li>\n<\/ul>\n<p><strong>Para el a\u00f1o 2025 los festivos nacionales son:<\/strong><\/p>\n<ul>\n<li>1 de enero de 2025: A\u00f1o Nuevo (Mi\u00e9rcoles).<\/li>\n<li>6 de enero de 2025: Epifan\u00eda del Se\u00f1or (Lunes).<\/li>\n<li>1 de mayo de 2025: Fiesta del Trabajo (Jueves).<\/li>\n<li>1 de noviembre de 2025: Todos los Santos (S\u00e1bado).<\/li>\n<li>6 de diciembre de 2025: D\u00eda de la\u00a0Constituci\u00f3n Espa\u00f1ola\u00a0(S\u00e1bado).<\/li>\n<li>8 de diciembre de 2025: D\u00eda de la Inmaculada Concepci\u00f3n (Lunes).<\/li>\n<li>25 de diciembre de 2025: Natividad del Se\u00f1or (Jueves).<\/li>\n<\/ul>\n<p>Con car\u00e1cter adicional a estos festivos de car\u00e1cter nacional (retribuidos y no recuperables), las comunidades aut\u00f3nomas fijan otros d\u00edas festivos, que figuran en el calendario anexo a la Resoluci\u00f3n (entre ellos, el <strong>6 de enero<\/strong> <strong>que ha sido establecido por todas las comunidades aut\u00f3nomas<\/strong>).<\/p>\n<p>A estos festivos se a\u00f1adir\u00e1n los festivos de car\u00e1cter local que ser\u00e1n fijados por los ayuntamientos.<\/p>\n<p>A continuaci\u00f3n puede consultar el cuadro general de fiestas laborales 2025.<\/p>\n<p>Ver <a href=\"https:\/\/www.boe.es\/diario_boe\/txt.php?id=BOE-A-2024-21316#:~:text=Nieves%20Gonz%C3%A1lez%20Garc%C3%ADa.-,ANEXO,A%C3%B1o%C2%A02025,-Fecha%20de%20las\" target=\"_blank\" rel=\"noopener\">anexo<\/a> de fiestas laborales<\/p>\n<p><strong>Elaboraci\u00f3n del calendario laboral<\/strong><\/p>\n<p>Asimismo, les recordamos que de acuerdo con el art\u00edculo 34.6 del Estatuto de los Trabajadores deber\u00e1 elaborarse anualmente por la empresa el calendario laboral, que deber\u00e1 contener la jornada de trabajo establecida en convenio, as\u00ed como los periodos m\u00ednimos de descanso diario y semanal previstos y la distribuci\u00f3n anual de los d\u00edas laborales y festivos, debiendo exponerse un ejemplar del mismo en un lugar visible de cada centro de trabajo.<\/p>\n<p>Pueden ponerse en contacto con este despacho profesional para cualquier duda o aclaraci\u00f3n que puedan tener al respecto.<\/p>\n<p>Un cordial saludo,<\/p>\n","protected":false},"excerpt":{"rendered":"<p>En el BOE del d\u00eda 18 de Octubre se ha publicado la Resoluci\u00f3n de 15 de octubre de 2024, de la Direcci\u00f3n General de Trabajo, por la que se publica la relaci\u00f3n de fiestas laborales para el a\u00f1o 2025, de \u00e1mbito nacional, de Comunidad Aut\u00f3noma y de las Ciudades de Ceuta y Melilla. Este a\u00f1o&hellip;<\/p>\n","protected":false},"author":1,"featured_media":12104,"comment_status":"open","ping_status":"open","sticky":false,"template":"","format":"standard","meta":{"footnotes":""},"categories":[1],"tags":[],"class_list":["post-19328","post","type-post","status-publish","format-standard","has-post-thumbnail","hentry","category-noticias","category-1","description-off"],"_links":{"self":[{"href":"https:\/\/www.csfconsulting.es\/en\/wp-json\/wp\/v2\/posts\/19328","targetHints":{"allow":["GET"]}}],"collection":[{"href":"https:\/\/www.csfconsulting.es\/en\/wp-json\/wp\/v2\/posts"}],"about":[{"href":"https:\/\/www.csfconsulting.es\/en\/wp-json\/wp\/v2\/types\/post"}],"author":[{"embeddable":true,"href":"https:\/\/www.csfconsulting.es\/en\/wp-json\/wp\/v2\/users\/1"}],"replies":[{"embeddable":true,"href":"https:\/\/www.csfconsulting.es\/en\/wp-json\/wp\/v2\/comments?post=19328"}],"version-history":[{"count":1,"href":"https:\/\/www.csfconsulting.es\/en\/wp-json\/wp\/v2\/posts\/19328\/revisions"}],"predecessor-version":[{"id":19329,"href":"https:\/\/www.csfconsulting.es\/en\/wp-json\/wp\/v2\/posts\/19328\/revisions\/19329"}],"wp:featuredmedia":[{"embeddable":true,"href":"https:\/\/www.csfconsulting.es\/en\/wp-json\/wp\/v2\/media\/12104"}],"wp:attachment":[{"href":"https:\/\/www.csfconsulting.es\/en\/wp-json\/wp\/v2\/media?parent=19328"}],"wp:term":[{"taxonomy":"category","embeddable":true,"href":"https:\/\/www.csfconsulting.es\/en\/wp-json\/wp\/v2\/categories?post=19328"},{"taxonomy":"post_tag","embeddable":true,"href":"https:\/\/www.csfconsulting.es\/en\/wp-json\/wp\/v2\/tags?post=19328"}],"curies":[{"name":"wp","href":"https:\/\/api.w.org\/{rel}","templated":true}]}}