{"id":19638,"date":"2025-06-20T14:03:04","date_gmt":"2025-06-20T12:03:04","guid":{"rendered":"https:\/\/www.csfconsulting.es\/?p=19638"},"modified":"2025-06-20T14:03:04","modified_gmt":"2025-06-20T12:03:04","slug":"jornada-laboral-y-control-horario-aclaraciones-oficiales-que-debes-conocer","status":"publish","type":"post","link":"https:\/\/www.csfconsulting.es\/en\/jornada-laboral-y-control-horario-aclaraciones-oficiales-que-debes-conocer\/","title":{"rendered":"JORNADA LABORAL Y CONTROL HORARIO: ACLARACIONES OFICIALES QUE DEBES CONOCER"},"content":{"rendered":"<div class=\"summary\">\n<p>Aunque el registro de jornada lleva a\u00f1os en vigor, las dudas persisten. La Direcci\u00f3n General de Trabajo ha publicado una gu\u00eda que, sin ser vinculante, sirve como br\u00fajula para aplicar correctamente esta obligaci\u00f3n.<\/p>\n<\/div>\n<div class=\"content\">\n<p>Como ya sabr\u00e1, desde la entrada en vigor del Real Decreto-ley 8\/2019, las empresas est\u00e1n obligadas a llevar un control diario y objetivo de la jornada laboral de cada persona trabajadora. Lo que parec\u00eda una tarea sencilla se ha convertido, en muchos casos, en un dolor de cabeza lleno de dudas, interpretaciones y temores ante posibles sanciones.<\/p>\n<p>Por este motivo, la Direcci\u00f3n General de Trabajo ha publicado una\u00a0<a class=\"external\" href=\"https:\/\/www.mites.gob.es\/ficheros\/ministerio\/GuiaRegistroJornada.pdf\" target=\"_blank\" rel=\"external noopener\">gu\u00eda informativa<\/a>\u00a0que, sin ser jur\u00eddicamente vinculante, ofrece criterios claros sobre c\u00f3mo debe aplicarse este registro. En esta circular resumimos lo esencial con un lenguaje pr\u00e1ctico, alejado del bolet\u00edn oficial.<\/p>\n<p><strong>1. \u00bfA qui\u00e9n se aplica la obligaci\u00f3n de registrar la jornada?<\/strong><\/p>\n<p>A todos los trabajadores por cuenta ajena, independientemente de su categor\u00eda, grupo profesional, sector o jornada (completa o parcial). Da igual si se trabaja en oficina, en remoto o en movilidad. La obligaci\u00f3n recae sobre el empleador, que debe garantizar que el sistema funciona y se aplica diariamente.<\/p>\n<p><strong>2. \u00bfHay excepciones a esta obligaci\u00f3n?<\/strong><\/p>\n<p>S\u00ed. El registro diario no se aplica a:<\/p>\n<ul>\n<li>Altos directivos, amparados por el art\u00edculo 2.1.a del Estatuto de los Trabajadores.<\/li>\n<li>Aut\u00f3nomos, incluso si trabajan para una empresa cliente.<\/li>\n<\/ul>\n<p><strong>Atenci\u00f3n.\u00a0<\/strong>Otros colectivos con normativa sectorial propia (por ejemplo, trabajadores del mar o del transporte) pueden tener particularidades que deben consultarse caso a caso.<\/p>\n<p><strong>3. \u00bfQu\u00e9 ocurre con trabajadores de reg\u00edmenes especiales?<\/strong><\/p>\n<p>La gu\u00eda indica que no hay una respuesta \u00fanica. Si bien algunos reg\u00edmenes tienen su propia regulaci\u00f3n, ello no exime per se de llevar un control horario si existe una relaci\u00f3n laboral sujeta al ET. Por ejemplo, en cooperativas, habr\u00e1 que atender a sus estatutos y la legislaci\u00f3n espec\u00edfica aplicable.<\/p>\n<p><strong>4. \u00bfQu\u00e9 debe reflejar el registro?<\/strong><\/p>\n<p>El inicio y final de la jornada diaria de cada trabajador. No basta con indicar el n\u00famero de horas. Se requiere hora concreta de entrada y salida. Esto permite comprobar si se respeta la jornada pactada, el descanso entre jornadas y los l\u00edmites legales.<\/p>\n<p><strong>5. \u00bfSe deben anotar pausas?<\/strong><\/p>\n<p>No es obligatorio, pero s\u00ed altamente recomendable, sobre todo si forman parte de la jornada efectiva.<br \/>\nIncluir pausas ayuda a justificar desviaciones y evita conflictos. Si no se registran, se puede asumir que todo el tiempo transcurrido entre entrada y salida es tiempo trabajado.<\/p>\n<p><strong>6. \u00bfDebe reflejarse el tiempo de trabajo efectivo?<\/strong><\/p>\n<p>S\u00ed, indirectamente. Aunque la ley no obliga a desglosar qu\u00e9 parte del tiempo fue efectiva, el c\u00f3mputo de entrada y salida permite inferirlo. El empresario deber\u00e1 ser capaz de justificar tiempos de descanso o no trabajo efectivo si quiere excluirlos del c\u00f3mputo.<\/p>\n<p><strong>7. \u00bfPuedo registrar gen\u00e9ricamente una jornada est\u00e1ndar?<\/strong><\/p>\n<p>No. La jornada debe registrarse d\u00eda a d\u00eda. Modelos predefinidos o gen\u00e9ricos, sin marca horaria real, no son v\u00e1lidos, salvo que coincidan exactamente con el horario pactado y no haya desviaciones. En la pr\u00e1ctica, es arriesgado.<\/p>\n<p><strong>8. \u00bfQu\u00e9 pasa si hay flexibilidad horaria?<\/strong><\/p>\n<p>Debe registrarse igualmente. El registro no entra a valorar si la jornada es flexible o no, sino si se cumple el c\u00f3mputo de horas y los descansos legales. La flexibilidad no elimina la obligaci\u00f3n, solo modifica el patr\u00f3n.<\/p>\n<p><strong>9. \u00bfVale con un documento firmado a diario?<\/strong><\/p>\n<p>S\u00ed, siempre que refleje el inicio y el fin de la jornada de ese d\u00eda. No basta con una hoja firmada semanal o mensualmente. El car\u00e1cter diario es esencial.<\/p>\n<p><strong>10. \u00bfExiste un modelo oficial de registro?<\/strong><\/p>\n<p>No. El Ministerio no ha aprobado ni exigido un formato \u00fanico. Cada empresa puede implementar el sistema que considere adecuado, siempre que sea objetivo, fiable y accesible para inspecci\u00f3n, trabajador y representantes legales.<\/p>\n<p><strong>11. \u00bfSe puede hacer a mano?<\/strong><\/p>\n<p>S\u00ed, aunque no es lo ideal. Los registros manuales firmados son v\u00e1lidos si son diarios, completos y est\u00e1n debidamente conservados. Sin embargo, no ofrecen la misma trazabilidad ni seguridad que los digitales, y pueden generar dudas sobre su integridad.<\/p>\n<p><strong>12. \u00bfSon v\u00e1lidas las apps o herramientas digitales?<\/strong><\/p>\n<p>S\u00ed. Muchas empresas utilizan sistemas digitales, apps m\u00f3viles o tarjetas RFID. Lo importante es que el sistema no permita alteraciones y garantice la trazabilidad de los registros.<\/p>\n<p><strong>13. \u00bfQui\u00e9n debe custodiar los registros?<\/strong><\/p>\n<p>La empresa es la responsable, y debe garantizar su integridad, disponibilidad y acceso inmediato en caso de inspecci\u00f3n.<\/p>\n<p><strong>14. \u00bfQu\u00e9 caracter\u00edsticas debe tener el sistema?<\/strong><\/p>\n<ul>\n<li>Fiable (no manipulable).<\/li>\n<li>Objetivo (refleja la jornada real).<\/li>\n<li>Accesible (inspecci\u00f3n o trabajador pueden consultarlo).<\/li>\n<li>Seguro (cumple normativa de protecci\u00f3n de datos).<\/li>\n<\/ul>\n<p><strong>15. \u00bfHay que entregar copia diaria al trabajador?<\/strong><\/p>\n<p>No es obligatorio, salvo que as\u00ed lo exija el convenio colectivo o se pacte expresamente.<br \/>\nNo obstante, el trabajador tiene derecho a acceder a sus registros cuando lo solicite.<\/p>\n<p><strong>16. \u00bfCu\u00e1nto tiempo hay que conservar los registros?<\/strong><\/p>\n<p>Cuatro a\u00f1os. Y durante ese tiempo deben estar disponibles de forma inmediata para la Inspecci\u00f3n de Trabajo.<\/p>\n<p><strong>17. \u00bfD\u00f3nde deben conservarse?<\/strong><\/p>\n<p>En el centro de trabajo o en un soporte digital accesible desde \u00e9l. No es necesario mantener una carpeta f\u00edsica, pero s\u00ed debe haber un modo inmediato de acceso.<\/p>\n<p><strong>18. \u00bfQui\u00e9n puede ver el registro?<\/strong><\/p>\n<ul>\n<li>La Inspecci\u00f3n de Trabajo.<\/li>\n<li>El propio trabajador (sus datos).<\/li>\n<li>Los representantes legales, pero solo con acceso al resumen de jornada colectiva, salvo acuerdo distinto.<\/li>\n<\/ul>\n<p><strong>19. \u00bfQu\u00e9 derechos tienen los representantes legales?<\/strong><\/p>\n<p>Pueden acceder a los registros para verificar el cumplimiento de la normativa laboral. No tienen acceso a datos individualizados salvo consentimiento del trabajador o pacto expreso.<\/p>\n<p><strong>20. \u00bfC\u00f3mo registrar a trabajadores en movilidad o teletrabajo?<\/strong><\/p>\n<p>Con medios adecuados a su situaci\u00f3n: apps, plataformas, autocertificaciones verificables&#8230;<br \/>\nLo esencial es que el sistema funcione con independencia del lugar desde el que se trabaje.<\/p>\n<p><strong>21. \u00bfQu\u00e9 pasa con guardias o disponibilidad?<\/strong><\/p>\n<p>Se distingue entre:<\/p>\n<ul>\n<li>Tiempo de trabajo efectivo (debe registrarse).<\/li>\n<li>Tiempos de disponibilidad no efectivos (pueden no registrarse, salvo pacto o regulaci\u00f3n espec\u00edfica).<br \/>\nEl empresario debe poder justificar la diferencia.<\/li>\n<\/ul>\n<p><strong>22. \u00bfY si el trabajador se niega a fichar?<\/strong><\/p>\n<p>Debe instruirse al trabajador sobre la obligatoriedad. Si persiste la negativa, podr\u00e1 considerarse una infracci\u00f3n laboral, con posibilidad de medidas disciplinarias.<\/p>\n<p><strong>23. \u00bfY si no hay acuerdo con los representantes?<\/strong><\/p>\n<p>La empresa debe aplicar el sistema igualmente. El desacuerdo no exime del cumplimiento. En su caso, podr\u00e1 documentarse el intento de negociaci\u00f3n.<\/p>\n<p><strong>24. \u00bfPuede intervenir la Inspecci\u00f3n de Trabajo?<\/strong><\/p>\n<p>S\u00ed. Y de hecho, lo est\u00e1 haciendo. Las sanciones por incumplimiento pueden alcanzar los 7.500 \u20ac por centro de trabajo, incluso por no conservar los registros adecuadamente.<\/p>\n<p><strong>25. \u00bfQu\u00e9 pasa si el registro es incompleto o gen\u00e9rico?<\/strong><\/p>\n<p>Se considera incumplimiento formal. La Inspecci\u00f3n puede levantar acta y sancionar incluso si el trabajador no ha realizado horas extra. Lo que se penaliza es la ausencia o inexactitud del registro.<\/p>\n<p><strong>26. \u00bfC\u00f3mo saber si el sistema es adecuado?<\/strong><\/p>\n<p>Debe cumplir estos 3 principios:<\/p>\n<ul>\n<li>Reflejar la jornada real.<\/li>\n<li>Estar disponible para consulta inmediata.<\/li>\n<li>Ser fiable y no manipulable.<\/li>\n<\/ul>\n<p><em>Si tienes dudas, es recomendable realizar una auditor\u00eda interna del sistema de control horario.<\/em><\/p>\n<p><em>No registrar correctamente la jornada no es un descuido menor. Es una infracci\u00f3n grave que puede generar conflictos y sanciones costosas.<\/em><\/p>\n<p>Pueden ponerse en contacto con este despacho profesional para cualquier duda o aclaraci\u00f3n que puedan tener al respecto.<\/p>\n<p>Un cordial saludo,<\/p>\n<\/div>\n","protected":false},"excerpt":{"rendered":"<p>Aunque el registro de jornada lleva a\u00f1os en vigor, las dudas persisten. La Direcci\u00f3n General de Trabajo ha publicado una gu\u00eda que, sin ser vinculante, sirve como br\u00fajula para aplicar correctamente esta obligaci\u00f3n. Como ya sabr\u00e1, desde la entrada en vigor del Real Decreto-ley 8\/2019, las empresas est\u00e1n obligadas a llevar un control diario y&hellip;<\/p>\n","protected":false},"author":7,"featured_media":19639,"comment_status":"open","ping_status":"open","sticky":false,"template":"","format":"standard","meta":{"footnotes":""},"categories":[1],"tags":[],"class_list":["post-19638","post","type-post","status-publish","format-standard","has-post-thumbnail","hentry","category-noticias","category-1","description-off"],"_links":{"self":[{"href":"https:\/\/www.csfconsulting.es\/en\/wp-json\/wp\/v2\/posts\/19638","targetHints":{"allow":["GET"]}}],"collection":[{"href":"https:\/\/www.csfconsulting.es\/en\/wp-json\/wp\/v2\/posts"}],"about":[{"href":"https:\/\/www.csfconsulting.es\/en\/wp-json\/wp\/v2\/types\/post"}],"author":[{"embeddable":true,"href":"https:\/\/www.csfconsulting.es\/en\/wp-json\/wp\/v2\/users\/7"}],"replies":[{"embeddable":true,"href":"https:\/\/www.csfconsulting.es\/en\/wp-json\/wp\/v2\/comments?post=19638"}],"version-history":[{"count":1,"href":"https:\/\/www.csfconsulting.es\/en\/wp-json\/wp\/v2\/posts\/19638\/revisions"}],"predecessor-version":[{"id":19642,"href":"https:\/\/www.csfconsulting.es\/en\/wp-json\/wp\/v2\/posts\/19638\/revisions\/19642"}],"wp:featuredmedia":[{"embeddable":true,"href":"https:\/\/www.csfconsulting.es\/en\/wp-json\/wp\/v2\/media\/19639"}],"wp:attachment":[{"href":"https:\/\/www.csfconsulting.es\/en\/wp-json\/wp\/v2\/media?parent=19638"}],"wp:term":[{"taxonomy":"category","embeddable":true,"href":"https:\/\/www.csfconsulting.es\/en\/wp-json\/wp\/v2\/categories?post=19638"},{"taxonomy":"post_tag","embeddable":true,"href":"https:\/\/www.csfconsulting.es\/en\/wp-json\/wp\/v2\/tags?post=19638"}],"curies":[{"name":"wp","href":"https:\/\/api.w.org\/{rel}","templated":true}]}}