{"id":19672,"date":"2025-07-01T15:45:08","date_gmt":"2025-07-01T13:45:08","guid":{"rendered":"https:\/\/www.csfconsulting.es\/?p=19672"},"modified":"2025-07-01T15:45:08","modified_gmt":"2025-07-01T13:45:08","slug":"como-afectan-las-vacaciones-de-verano-en-el-ambito-laboral","status":"publish","type":"post","link":"https:\/\/www.csfconsulting.es\/en\/como-afectan-las-vacaciones-de-verano-en-el-ambito-laboral\/","title":{"rendered":"\u00bfC\u00f3mo afectan las vacaciones de verano en el \u00e1mbito laboral?"},"content":{"rendered":"<p>Llegan las vacaciones\u2026 y con ellas, muchas preguntas que pueden derivar en conflictos si no se gestionan con rigor legal. Aunque son uno de los derechos m\u00e1s arraigados, las vacaciones siguen generando m\u00e1s problemas de los que imaginamos. \u00bf30 d\u00edas naturales o 23 h\u00e1biles? \u00bfSe pueden pagar si no se disfrutan? \u00bfY si estoy de baja?<\/p>\n<p>&nbsp;<\/p>\n<p><main id=\"main\"><\/p>\n<div class=\"wrapper\">\n<div class=\"container\">\n<div class=\"row justify-content-center\">\n<div class=\"col col-lg-7\">\n<div class=\"preview-text text-justify\">\n<div class=\"content\">\n<p>Con el calendario avanzando hacia julio, se activan las dudas de siempre: \u00bfc\u00f3mo se calculan los d\u00edas de vacaciones?, \u00bfcu\u00e1ndo prescriben?, \u00bfy si el trabajador est\u00e1 de baja o ha cambiado de jornada? Aunque parezca mentira, son preguntas que siguen generando conflictos en muchas empresas.<\/p>\n<p><strong>\u00bfCu\u00e1ntos d\u00edas le corresponden a un trabajador?<\/strong><\/p>\n<p>La ley es clara: el derecho m\u00ednimo es de 30 d\u00edas naturales al a\u00f1o, lo que equivale a 2,5 d\u00edas por mes trabajado. S\u00ed, cuentan domingos y festivos. La misma regla se aplica tanto a contratos a jornada completa como parcial. Lo \u00fanico que var\u00eda es la cuant\u00eda de la retribuci\u00f3n.<\/p>\n<p>\u00bfContrato corto? Entonces el derecho ser\u00e1 proporcional: dos meses trabajados, cinco d\u00edas de vacaciones. Y si hay novaciones en la jornada (por ejemplo, medio a\u00f1o a tiempo completo y medio a tiempo parcial), no se reducen los d\u00edas, pero s\u00ed puede ajustarse la remuneraci\u00f3n del periodo vacacional en funci\u00f3n del tiempo trabajado en cada modalidad.<\/p>\n<p><strong>\u00bfCu\u00e1ndo deben disfrutarse?<\/strong><\/p>\n<p>El periodo ordinario va del 1 de enero al 31 de diciembre. Salvo que el convenio diga lo contrario, las vacaciones no se pueden arrastrar de un a\u00f1o para otro, ni acumular, ni sustituir por dinero (salvo en caso de baja definitiva del trabajador).<\/p>\n<p>El Estatuto exige que las fechas se fijen de com\u00fan acuerdo y con al menos dos meses de antelaci\u00f3n. Y cuidado: si se publica un calendario general y pasan m\u00e1s de 20 d\u00edas h\u00e1biles sin impugnarlo, ya no se pueden reclamar cambios.<\/p>\n<p><em>Recomendaci\u00f3n<\/em>: Dejar siempre constancia escrita del acuerdo para evitar acusaciones de ausencia injustificada.<\/p>\n<p><strong>\u00bfY si hay baja m\u00e9dica?<\/strong><\/p>\n<p>Aqu\u00ed hay que distinguir:<\/p>\n<ul>\n<li>Si la incapacidad deriva de embarazo, parto o lactancia, se pueden disfrutar las vacaciones aunque ya haya terminado el a\u00f1o natural.<\/li>\n<li>Si la causa es distinta (accidente o enfermedad com\u00fan, por ejemplo), el plazo para disfrutarlas se alarga hasta 18 meses desde el final del a\u00f1o en que se generaron.<\/li>\n<li>Si la baja acaba en incapacidad permanente, las vacaciones no disfrutadas se pagan.<\/li>\n<\/ul>\n<p><strong>\u00bfC\u00f3mo se retribuyen?<\/strong><\/p>\n<p>Durante las vacaciones, el salario debe reflejar el promedio habitual, no solo la parte fija. El Tribunal Supremo ha dejado claro que los pluses por nocturnidad, festivos o presencia deben incluirse si son habituales. \u00bfLa clave? Haberlos percibido al menos seis meses durante el a\u00f1o previo.<\/p>\n<p>Y si el sueldo incluye partes variables, debe calcularse un promedio proporcional para el pago del mes de descanso.<\/p>\n<p><strong>\u00bfY si no se han disfrutado al finalizar el contrato?<\/strong><\/p>\n<p>En ese caso, la empresa debe abonarlas en el finiquito y seguir cotizando por esos d\u00edas. De hecho, el derecho a solicitar el subsidio por desempleo no empieza hasta que acaban esas vacaciones retribuidas no disfrutadas.<\/p>\n<p><strong>\u00bfPuede un trabajador desconectarse de verdad?<\/strong><\/p>\n<p>S\u00ed. Y debe. Enviar correos o esperar llamadas durante las vacaciones es una mala pr\u00e1ctica que puede acabar mal. El derecho a la desconexi\u00f3n est\u00e1 blindado por ley y cualquier tiempo trabajado en vacaciones se considera tiempo efectivo, susceptible incluso de generar horas extra.<\/p>\n<ul>\n<li><strong>Atenci\u00f3n.<\/strong>\u00a0No se puede sancionar a un trabajador por no responder correos, ni llamadas, ni mensajes durante su periodo de descanso.<\/li>\n<\/ul>\n<p><strong>Las vacaciones caducan?<\/strong><\/p>\n<p>S\u00ed, si no se disfrutan dentro del a\u00f1o natural. Pero ojo: el Tribunal de Justicia de la Uni\u00f3n Europea ha recordado que si el empleador no demuestra haber ofrecido el disfrute de vacaciones, estas no caducan. Eso s\u00ed, hay un plazo de un a\u00f1o para reclamarlas.<\/p>\n<p><strong>Planificaci\u00f3n tras el verano<\/strong><\/p>\n<p>Finalizado agosto, conviene repasar qu\u00e9 empleados han agotado sus d\u00edas y qui\u00e9nes tienen saldo pendiente. En estos casos, se recomienda pactar cuanto antes su disfrute antes del 31 de diciembre. Adem\u00e1s, si alg\u00fan empleado ha disfrutado m\u00e1s d\u00edas de los devengados (por ejemplo, ha disfrutado 30 d\u00edas en agosto pero cesa en octubre), esos d\u00edas se descontar\u00e1n en el finiquito.<\/p>\n<p>Pueden ponerse en contacto con este despacho profesional para cualquier duda o aclaraci\u00f3n que puedan tener al respecto.<\/p>\n<p>Un cordial saludo,<\/p>\n<\/div>\n<\/div>\n<\/div>\n<\/div>\n<\/div>\n<\/div>\n<p><\/main><\/p>\n<footer>\n<div class=\"container py-4\">\n<div class=\"row justify-content-center\">\n<div class=\"col col-lg-7 footer\">\n<div class=\"row\">\n<div class=\"col col-md-5 offset-md-1 columna\">\n<p class=\"empresa\"><strong>Red de Asesor\u00edas iusTime A.I.E.<\/strong><\/p>\n<p class=\"peu\">Calle Mar\u00eda de Molina 39<br \/>\n28006 Madrid<\/p>\n<p class=\"telefon\">917933500<\/p>\n<p><a class=\"external\" href=\"http:\/\/www.iustime.com\/\" target=\"_blank\" rel=\"external noopener\">www.iustime.com<\/a><\/p>\n<p><a href=\"mailto:info@iustime.es\">info@iustime.es<\/a><\/p>\n<\/div>\n<div class=\"col col-md-5 columna sharer\">\n<p class=\"share\" align=\"left\">Compartir<\/p>\n<\/div>\n<\/div>\n<\/div>\n<\/div>\n<\/div>\n<\/footer>\n","protected":false},"excerpt":{"rendered":"<p>Llegan las vacaciones\u2026 y con ellas, muchas preguntas que pueden derivar en conflictos si no se gestionan con rigor legal. Aunque son uno de los derechos m\u00e1s arraigados, las vacaciones siguen generando m\u00e1s problemas de los que imaginamos. \u00bf30 d\u00edas naturales o 23 h\u00e1biles? \u00bfSe pueden pagar si no se disfrutan? \u00bfY si estoy de&hellip;<\/p>\n","protected":false},"author":7,"featured_media":19673,"comment_status":"open","ping_status":"open","sticky":false,"template":"","format":"standard","meta":{"footnotes":""},"categories":[1],"tags":[],"class_list":["post-19672","post","type-post","status-publish","format-standard","has-post-thumbnail","hentry","category-noticias","category-1","description-off"],"_links":{"self":[{"href":"https:\/\/www.csfconsulting.es\/en\/wp-json\/wp\/v2\/posts\/19672","targetHints":{"allow":["GET"]}}],"collection":[{"href":"https:\/\/www.csfconsulting.es\/en\/wp-json\/wp\/v2\/posts"}],"about":[{"href":"https:\/\/www.csfconsulting.es\/en\/wp-json\/wp\/v2\/types\/post"}],"author":[{"embeddable":true,"href":"https:\/\/www.csfconsulting.es\/en\/wp-json\/wp\/v2\/users\/7"}],"replies":[{"embeddable":true,"href":"https:\/\/www.csfconsulting.es\/en\/wp-json\/wp\/v2\/comments?post=19672"}],"version-history":[{"count":2,"href":"https:\/\/www.csfconsulting.es\/en\/wp-json\/wp\/v2\/posts\/19672\/revisions"}],"predecessor-version":[{"id":19677,"href":"https:\/\/www.csfconsulting.es\/en\/wp-json\/wp\/v2\/posts\/19672\/revisions\/19677"}],"wp:featuredmedia":[{"embeddable":true,"href":"https:\/\/www.csfconsulting.es\/en\/wp-json\/wp\/v2\/media\/19673"}],"wp:attachment":[{"href":"https:\/\/www.csfconsulting.es\/en\/wp-json\/wp\/v2\/media?parent=19672"}],"wp:term":[{"taxonomy":"category","embeddable":true,"href":"https:\/\/www.csfconsulting.es\/en\/wp-json\/wp\/v2\/categories?post=19672"},{"taxonomy":"post_tag","embeddable":true,"href":"https:\/\/www.csfconsulting.es\/en\/wp-json\/wp\/v2\/tags?post=19672"}],"curies":[{"name":"wp","href":"https:\/\/api.w.org\/{rel}","templated":true}]}}