{"id":19921,"date":"2025-09-19T08:33:40","date_gmt":"2025-09-19T06:33:40","guid":{"rendered":"https:\/\/www.csfconsulting.es\/?p=19921"},"modified":"2025-09-19T08:33:40","modified_gmt":"2025-09-19T06:33:40","slug":"la-aeat-aclara-las-dudas-sobre-verifactu-y-los-nuevos-sistemas-de-facturacion","status":"publish","type":"post","link":"https:\/\/www.csfconsulting.es\/en\/la-aeat-aclara-las-dudas-sobre-verifactu-y-los-nuevos-sistemas-de-facturacion\/","title":{"rendered":"La AEAT aclara las dudas sobre VeriFactu y los nuevos sistemas de facturaci\u00f3n"},"content":{"rendered":"<div class=\"summary\">\n<p>La Agencia Tributaria ha puesto a disposici\u00f3n de los contribuyentes un bloque completo de preguntas frecuentes en torno a los nuevos Sistemas Inform\u00e1ticos de Facturaci\u00f3n (SIF) y a los denominados Veri*Factu. Se trata de un material oficial que aclara conceptos b\u00e1sicos, obligaciones y novedades que marcar\u00e1n la forma de facturar a partir del a\u00f1o 2026.<\/p>\n<\/div>\n<div class=\"content\">\n<p>La Agencia Tributaria (AEAT) ha publicado en su web una recopilaci\u00f3n de preguntas frecuentes (FAQ) sobre los nuevos Sistemas Inform\u00e1ticos de Facturaci\u00f3n (SIF) y los Veri*Factu. Este material oficial responde a dudas habituales sobre conceptos, requisitos t\u00e9cnicos, \u00e1mbitos de aplicaci\u00f3n y obligaciones de conservaci\u00f3n y trazabilidad de las facturas.<\/p>\n<p>Desde nuestro despacho\/asesor\u00eda hemos preparado un resumen estructurado de esas cuestiones para facilitar su lectura. Si lo deseas, puedes consultar el documento completo directamente en la p\u00e1gina de la AEAT:<\/p>\n<p><a class=\"external\" href=\"https:\/\/sede.agenciatributaria.gob.es\/Sede\/iva\/sistemas-informaticos-facturacion-verifactu\/preguntas-frecuentes.html\" target=\"_blank\" rel=\"external noopener\">Preguntas frecuentes sobre SIF y VeriFactu &#8211; AEAT<\/a><\/p>\n<p><strong>Resumen de los puntos clave de las FAQ de la AEAT<\/strong><\/p>\n<ol>\n<li><strong>Objetivo de la norma<\/strong>: reforzar la integridad y trazabilidad de todas las facturas.<\/li>\n<li><strong>Qui\u00e9n est\u00e1 obligado<\/strong>: empresarios y profesionales que emitan facturas, sin excepci\u00f3n por tama\u00f1o o sector.<\/li>\n<li><strong>Delegaci\u00f3n del cumplimiento<\/strong>: puede encargarse a un tercero, pero la responsabilidad sigue siendo del obligado tributario.<\/li>\n<li><strong>Requisitos de los SIF<\/strong>:\n<ul>\n<li>Evitar alteraciones posteriores.<\/li>\n<li>Dejar constancia de cualquier alta, baja o anulaci\u00f3n.<\/li>\n<li>Conservar la informaci\u00f3n accesible durante los plazos legales.<\/li>\n<li>Registrar todos los movimientos en un historial de eventos.<\/li>\n<\/ul>\n<\/li>\n<li><strong>Registro de facturaci\u00f3n<\/strong>: cada factura debe llevar huella digital (&#8220;hash&#8221;) y, en su caso, firma electr\u00f3nica.<\/li>\n<li><strong>Certificaci\u00f3n del software<\/strong>: obligaci\u00f3n de contar con una declaraci\u00f3n responsable del proveedor que acredite cumplimiento normativo.<\/li>\n<li><strong>Veri*Factu<\/strong>: posibilidad de enviar las facturas en tiempo real a la AEAT, incorporando en el documento un\u00a0<strong>c\u00f3digo QR<\/strong>\u00a0y la menci\u00f3n &#8220;Veri*Factu&#8221;.<\/li>\n<li><strong>Novedades<\/strong>: se regulan nuevos procedimientos de facturaci\u00f3n y se potencia la colaboraci\u00f3n social a trav\u00e9s de asesores.<\/li>\n<\/ol>\n<p>En nuestro despacho podemos ayudarte a\u00a0<strong>revisar tu software de facturaci\u00f3n, coordinar la certificaci\u00f3n y valorar la conveniencia de adoptar Veri*Factu<\/strong>\u00a0en tu caso concreto.<\/p>\n<p>Pueden ponerse en contacto con este despacho profesional para cualquier duda o aclaraci\u00f3n que puedan tener al respecto.<\/p>\n<p>Un cordial saludo,<\/p>\n<\/div>\n","protected":false},"excerpt":{"rendered":"<p>La Agencia Tributaria ha puesto a disposici\u00f3n de los contribuyentes un bloque completo de preguntas frecuentes en torno a los nuevos Sistemas Inform\u00e1ticos de Facturaci\u00f3n (SIF) y a los denominados Veri*Factu. Se trata de un material oficial que aclara conceptos b\u00e1sicos, obligaciones y novedades que marcar\u00e1n la forma de facturar a partir del a\u00f1o 2026.&hellip;<\/p>\n","protected":false},"author":7,"featured_media":19922,"comment_status":"open","ping_status":"open","sticky":false,"template":"","format":"standard","meta":{"footnotes":""},"categories":[1],"tags":[],"class_list":["post-19921","post","type-post","status-publish","format-standard","has-post-thumbnail","hentry","category-noticias","category-1","description-off"],"_links":{"self":[{"href":"https:\/\/www.csfconsulting.es\/en\/wp-json\/wp\/v2\/posts\/19921","targetHints":{"allow":["GET"]}}],"collection":[{"href":"https:\/\/www.csfconsulting.es\/en\/wp-json\/wp\/v2\/posts"}],"about":[{"href":"https:\/\/www.csfconsulting.es\/en\/wp-json\/wp\/v2\/types\/post"}],"author":[{"embeddable":true,"href":"https:\/\/www.csfconsulting.es\/en\/wp-json\/wp\/v2\/users\/7"}],"replies":[{"embeddable":true,"href":"https:\/\/www.csfconsulting.es\/en\/wp-json\/wp\/v2\/comments?post=19921"}],"version-history":[{"count":1,"href":"https:\/\/www.csfconsulting.es\/en\/wp-json\/wp\/v2\/posts\/19921\/revisions"}],"predecessor-version":[{"id":19925,"href":"https:\/\/www.csfconsulting.es\/en\/wp-json\/wp\/v2\/posts\/19921\/revisions\/19925"}],"wp:featuredmedia":[{"embeddable":true,"href":"https:\/\/www.csfconsulting.es\/en\/wp-json\/wp\/v2\/media\/19922"}],"wp:attachment":[{"href":"https:\/\/www.csfconsulting.es\/en\/wp-json\/wp\/v2\/media?parent=19921"}],"wp:term":[{"taxonomy":"category","embeddable":true,"href":"https:\/\/www.csfconsulting.es\/en\/wp-json\/wp\/v2\/categories?post=19921"},{"taxonomy":"post_tag","embeddable":true,"href":"https:\/\/www.csfconsulting.es\/en\/wp-json\/wp\/v2\/tags?post=19921"}],"curies":[{"name":"wp","href":"https:\/\/api.w.org\/{rel}","templated":true}]}}