{"id":20446,"date":"2026-03-05T08:55:30","date_gmt":"2026-03-05T07:55:30","guid":{"rendered":"https:\/\/www.csfconsulting.es\/?p=20446"},"modified":"2026-03-05T08:55:30","modified_gmt":"2026-03-05T07:55:30","slug":"adaptacion-o-reduccion-de-jornada-no-son-lo-mismo","status":"publish","type":"post","link":"https:\/\/www.csfconsulting.es\/en\/adaptacion-o-reduccion-de-jornada-no-son-lo-mismo\/","title":{"rendered":"Adaptaci\u00f3n o reducci\u00f3n de jornada no son lo mismo"},"content":{"rendered":"<div class=\"summary\">\n<p><strong>Las solicitudes de adaptaci\u00f3n de jornada est\u00e1n aumentando. Lo preocupante no es la petici\u00f3n en s\u00ed, sino c\u00f3mo se gestiona. Una negativa mal planteada puede convertirse en una concesi\u00f3n autom\u00e1tica por sentencia judicial. Adaptar jornada no es reducir jornada. Y no negociar no es una opci\u00f3n. Las \u00faltimas resoluciones judiciales est\u00e1n marcando el terreno con bastante claridad. Se lo explicamos<\/strong>\u2026<\/p>\n<\/div>\n<div class=\"content\">\n<p>El art\u00edculo 34.8 del Estatuto de los Trabajadores (ET) ha dejado de ser un precepto meramente declarativo. En los \u00faltimos a\u00f1os, y especialmente tras su reforma, se ha convertido en uno de los puntos m\u00e1s conflictivos en la gesti\u00f3n laboral. Las empresas se enfrentan a una tensi\u00f3n evidente, por un lado, el derecho a la conciliaci\u00f3n; y por otro, la necesidad de mantener la organizaci\u00f3n productiva.<\/p>\n<p>La clave no est\u00e1 en decir s\u00ed o no. La clave est\u00e1 en c\u00f3mo se responde.<\/p>\n<p><strong>\u00bfQu\u00e9 ocurre cuando una empresa deniega una adaptaci\u00f3n antes los Tribunales?<\/strong><\/p>\n<p>Cuando una persona trabajadora impugna una negativa empresarial, los juzgados de lo social no se limitan a comprobar si la empresa dijo &#8220;no&#8221;. Analizan el proceso completo.<\/p>\n<p><strong>a) Razonabilidad y proporcionalidad<\/strong><\/p>\n<p>El tribunal ponderar\u00e1 si la medida solicitada es razonable en relaci\u00f3n con:<\/p>\n<ul>\n<li>Las necesidades reales de conciliaci\u00f3n.<\/li>\n<li>La organizaci\u00f3n interna de la empresa.<\/li>\n<li>El impacto operativo.<\/li>\n<\/ul>\n<p>No basta con alegar &#8220;problemas organizativos&#8221;. Hay que acreditarlos.<\/p>\n<p>Una negativa gen\u00e9rica, sin datos objetivos ni justificaci\u00f3n concreta, suele jugar en contra de la empresa.<\/p>\n<p><strong>b) Proceso de negociaci\u00f3n real<\/strong><\/p>\n<p>Desde la reforma del art\u00edculo 34.8 ET, la empresa est\u00e1 obligada a abrir un proceso negociador efectivo en un plazo m\u00e1ximo de 15 d\u00edas.<\/p>\n<p>No se trata de un tr\u00e1mite formal. Debe existir di\u00e1logo real, intercambio de propuestas y an\u00e1lisis de alternativas.<\/p>\n<p>El Tribunal Supremo, en la STS 825\/2025, ha sido claro: Si no hay negociaci\u00f3n y el trabajador acude a juicio, la medida se concede autom\u00e1ticamente salvo que sea manifiestamente irrazonable o desproporcionada<\/p>\n<ul>\n<li><strong>Atenci\u00f3n.<\/strong> No contestar, contestar fuera de plazo o limitarse a rechazar sin negociar puede implicar la concesi\u00f3n judicial autom\u00e1tica.<\/li>\n<\/ul>\n<p><strong>c) Impacto organizativo acreditado<\/strong><\/p>\n<p>Los tribunales examinar\u00e1n:<\/p>\n<ul>\n<li>Si se produce descompensaci\u00f3n de turnos.<\/li>\n<li>Si afecta a clientes o producci\u00f3n.<\/li>\n<li>Si exige contrataci\u00f3n adicional.<\/li>\n<li>Si genera perjuicio a otros trabajadores.<\/li>\n<\/ul>\n<p>Pero no basta con afirmarlo. Debe probarse.<\/p>\n<p>Las alegaciones abstractas del tipo &#8220;esto desorganiza la empresa&#8221; suelen ser insuficientes si no se acompa\u00f1an de datos.<\/p>\n<p><strong>d) Corresponsabilidad<\/strong><\/p>\n<p>En casos de cuidado de menores, los tribunales valoran:<\/p>\n<ul>\n<li>La situaci\u00f3n laboral del otro progenitor.<\/li>\n<li>Si existe custodia compartida.<\/li>\n<li>Si hay alternativas reales de cuidado.<\/li>\n<li>Si ambos progenitores est\u00e1n asumiendo responsabilidades.<\/li>\n<\/ul>\n<p>La conciliaci\u00f3n no puede convertirse en una atribuci\u00f3n unilateral sin an\u00e1lisis del contexto familiar.<\/p>\n<p>Cuando el otro progenitor tiene horarios compatibles y no solicita medidas similares, este elemento puede ser decisivo.<\/p>\n<p><strong>e) Dimensi\u00f3n constitucional<\/strong><\/p>\n<p>El derecho a la conciliaci\u00f3n tiene relevancia constitucional, pero no es absoluto.<\/p>\n<p>Debe ejercerse de manera equilibrada con la libertad de empresa y la organizaci\u00f3n productiva.<\/p>\n<p>Los tribunales est\u00e1n buscando equilibrio, no automatismos.<\/p>\n<p><strong>Un ejemplo reciente es la sentencia del TSJ Castilla y Le\u00f3n 30 de julio 2025<\/strong><\/p>\n<p>En este caso, una trabajadora solicit\u00f3:<\/p>\n<ul>\n<li>Reducci\u00f3n.<\/li>\n<li>Adaptaci\u00f3n.<\/li>\n<li>Teletrabajo.<\/li>\n<li>Exclusi\u00f3n de s\u00e1bados.<\/li>\n<\/ul>\n<p>La empresa rechaz\u00f3 la propuesta inicial y ofreci\u00f3 alternativa. El Tribunal consider\u00f3 justificada la negativa empresarial porque:<\/p>\n<ul>\n<li>El puesto exig\u00eda presencialidad.<\/li>\n<li>La mayor actividad se produc\u00eda en tardes y s\u00e1bados.<\/li>\n<li>Se abri\u00f3 negociaci\u00f3n.<\/li>\n<li>La trabajadora se mostr\u00f3 inflexible.<\/li>\n<li>El otro progenitor ten\u00eda disponibilidad.<\/li>\n<\/ul>\n<p>El fallo confirm\u00f3 que la propuesta empresarial era razonable y proporcionada.<\/p>\n<ul>\n<li><strong>Atenci\u00f3n.<\/strong> La flexibilidad de la empresa y la actitud negociadora del trabajador tambi\u00e9n son valoradas judicialmente.<\/li>\n<\/ul>\n<p><strong>Adaptaci\u00f3n y reducci\u00f3n \u00bfson lo mismo?<\/strong><\/p>\n<p>Es frecuente que una solicitud de adaptaci\u00f3n incluya una reducci\u00f3n encubierta. Pero jur\u00eddicamente son figuras distintas.<\/p>\n<p><strong>Reducci\u00f3n de jornada <\/strong>(art. 37.6 ET)<\/p>\n<ul>\n<li>Derecho autom\u00e1tico.<\/li>\n<li>Lleva reducci\u00f3n proporcional de salario.<\/li>\n<li>Debe ser diaria (salvo pacto).<\/li>\n<li>La empresa no puede negarse si se cumplen requisitos.<\/li>\n<\/ul>\n<p><strong>Adaptaci\u00f3n de jornada <\/strong>(art. 34.8 ET)<\/p>\n<ul>\n<li>Derecho a solicitar, no a exigir.<\/li>\n<li>No reduce salario.<\/li>\n<li>Requiere negociaci\u00f3n.<\/li>\n<li>Puede denegarse si est\u00e1 justificado.<\/li>\n<\/ul>\n<p>Intentar mezclar ambas medidas genera conflictos innecesarios.<\/p>\n<p>Si una solicitud de adaptaci\u00f3n incluye reducci\u00f3n parcial en d\u00edas concretos, lo correcto es exigir dos solicitudes diferenciadas.<\/p>\n<p><strong>El error m\u00e1s caro no negociar<\/strong><\/p>\n<p>La Sentencia del TS 825\/2025 ha fijado doctrina relevante, al se\u00f1alar que si la empresa no abre negociaci\u00f3n, y el trabajador demanda, la medida se concede autom\u00e1ticamente, salvo irrazonabilidad evidente<\/p>\n<p>El silencio ya no es neutral. Es peligroso.<\/p>\n<p>El riesgo no es solo perder el juicio. Puede a\u00f1adirse indemnizaci\u00f3n por da\u00f1os si se acredita vulneraci\u00f3n de derechos fundamentales.<\/p>\n<p><strong>El papel de la buena fe<\/strong><\/p>\n<p>Los tribunales est\u00e1n dando peso creciente a la buena fe negocial. Se analiza:<\/p>\n<ul>\n<li>Si el trabajador acredita la necesidad.<\/li>\n<li>Si la empresa propone alternativas viables.<\/li>\n<li>Si existe equilibrio real.<\/li>\n<li>Si hay actitud colaborativa.<\/li>\n<\/ul>\n<p>La buena fe no es un concepto te\u00f3rico. Est\u00e1 siendo determinante en las sentencias.<\/p>\n<p><strong>Caso pr\u00e1ctico<\/strong><\/p>\n<p>Una empresa de 35 trabajadores recibe solicitud de adaptaci\u00f3n para:<\/p>\n<ul>\n<li>Trabajar solo en turno de ma\u00f1ana.<\/li>\n<li>Eliminar s\u00e1bados.<\/li>\n<li>Teletrabajar dos d\u00edas.<\/li>\n<li>Reducir jornada dos tardes concretas.<\/li>\n<\/ul>\n<p>La empresa:<\/p>\n<ol>\n<li>No responde en plazo.<\/li>\n<li>No abre negociaci\u00f3n.<\/li>\n<li>Se limita a comunicar negativa gen\u00e9rica.<\/li>\n<\/ol>\n<p>El trabajador demanda.<\/p>\n<p>Resultado probable tras la doctrina actual: Concesi\u00f3n autom\u00e1tica de la adaptaci\u00f3n (salvo desproporci\u00f3n manifiesta).<\/p>\n<p>Ahora imaginemos el mismo caso gestionado correctamente:<\/p>\n<ol>\n<li>Apertura formal de negociaci\u00f3n.<\/li>\n<li>Solicitud de informaci\u00f3n razonable.<\/li>\n<li>An\u00e1lisis documentado del impacto.<\/li>\n<li>Propuesta alternativa intermedia.<\/li>\n<li>Comunicaci\u00f3n motivada por escrito.<\/li>\n<\/ol>\n<p>En este escenario, la empresa tiene muchas m\u00e1s posibilidades de defender su posici\u00f3n.<\/p>\n<p><strong>Estrategia para empresas<\/strong><\/p>\n<p>La conciliaci\u00f3n laboral ya no es un terreno menor. Es uno de los focos actuales de litigiosidad laboral. El riesgo no est\u00e1 en conceder o no conceder. El riesgo est\u00e1 en no gestionar correctamente el proceso.<\/p>\n<p><em>Recomendamos:<\/em><\/p>\n<ul>\n<li><em>Protocolizar las solicitudes de adaptaci\u00f3n.<\/em><\/li>\n<li><em>Establecer modelos de contestaci\u00f3n motivada.<\/em><\/li>\n<li><em>Documentar el proceso negociador.<\/em><\/li>\n<li><em>Formar a responsables de equipo.<\/em><\/li>\n<li><em>Revisar convenios colectivos aplicables.<\/em><\/li>\n<\/ul>\n<p><em>Si su empresa est\u00e1 recibiendo solicitudes de adaptaci\u00f3n o reducci\u00f3n, o quiere revisar su procedimiento interno para evitar riesgos, estamos a su disposici\u00f3n para:<\/em><\/p>\n<ul>\n<li><em>Auditar su protocolo de conciliaci\u00f3n.<\/em><\/li>\n<li><em>Redactar modelos de respuesta ajustados a jurisprudencia.<\/em><\/li>\n<li><em>Analizar casos concretos antes de que escalen judicialmente.<\/em><\/li>\n<\/ul>\n<p><em>En materia de conciliaci\u00f3n, improvisar suele salir caro. Prevenir, casi siempre, es mucho m\u00e1s eficiente.<\/em><\/p>\n<p>Pueden ponerse en contacto con este despacho profesional para cualquier duda o aclaraci\u00f3n que puedan tener al respecto.<\/p>\n<p>Un cordial saludo,<\/p>\n<\/div>\n","protected":false},"excerpt":{"rendered":"<p>Las solicitudes de adaptaci\u00f3n de jornada est\u00e1n aumentando. Lo preocupante no es la petici\u00f3n en s\u00ed, sino c\u00f3mo se gestiona. Una negativa mal planteada puede convertirse en una concesi\u00f3n autom\u00e1tica por sentencia judicial. Adaptar jornada no es reducir jornada. Y no negociar no es una opci\u00f3n. Las \u00faltimas resoluciones judiciales est\u00e1n marcando el terreno con&hellip;<\/p>\n","protected":false},"author":7,"featured_media":19955,"comment_status":"open","ping_status":"open","sticky":false,"template":"","format":"standard","meta":{"footnotes":""},"categories":[1],"tags":[],"class_list":["post-20446","post","type-post","status-publish","format-standard","has-post-thumbnail","hentry","category-noticias","category-1","description-off"],"_links":{"self":[{"href":"https:\/\/www.csfconsulting.es\/en\/wp-json\/wp\/v2\/posts\/20446","targetHints":{"allow":["GET"]}}],"collection":[{"href":"https:\/\/www.csfconsulting.es\/en\/wp-json\/wp\/v2\/posts"}],"about":[{"href":"https:\/\/www.csfconsulting.es\/en\/wp-json\/wp\/v2\/types\/post"}],"author":[{"embeddable":true,"href":"https:\/\/www.csfconsulting.es\/en\/wp-json\/wp\/v2\/users\/7"}],"replies":[{"embeddable":true,"href":"https:\/\/www.csfconsulting.es\/en\/wp-json\/wp\/v2\/comments?post=20446"}],"version-history":[{"count":1,"href":"https:\/\/www.csfconsulting.es\/en\/wp-json\/wp\/v2\/posts\/20446\/revisions"}],"predecessor-version":[{"id":20447,"href":"https:\/\/www.csfconsulting.es\/en\/wp-json\/wp\/v2\/posts\/20446\/revisions\/20447"}],"wp:featuredmedia":[{"embeddable":true,"href":"https:\/\/www.csfconsulting.es\/en\/wp-json\/wp\/v2\/media\/19955"}],"wp:attachment":[{"href":"https:\/\/www.csfconsulting.es\/en\/wp-json\/wp\/v2\/media?parent=20446"}],"wp:term":[{"taxonomy":"category","embeddable":true,"href":"https:\/\/www.csfconsulting.es\/en\/wp-json\/wp\/v2\/categories?post=20446"},{"taxonomy":"post_tag","embeddable":true,"href":"https:\/\/www.csfconsulting.es\/en\/wp-json\/wp\/v2\/tags?post=20446"}],"curies":[{"name":"wp","href":"https:\/\/api.w.org\/{rel}","templated":true}]}}