{"id":4171,"date":"2014-12-30T10:14:54","date_gmt":"2014-12-30T09:14:54","guid":{"rendered":"https:\/\/www.csfconsulting.es\/?p=4171"},"modified":"2017-08-21T17:27:44","modified_gmt":"2017-08-21T15:27:44","slug":"aprobada-la-nueva-ayuda-parados-de-larga-duracion","status":"publish","type":"post","link":"https:\/\/www.csfconsulting.es\/en\/aprobada-la-nueva-ayuda-parados-de-larga-duracion\/","title":{"rendered":"Aprobada la Nueva Ayuda a Parados de Larga Duraci\u00f3n"},"content":{"rendered":"<h2><\/h2>\n<h2>En el BOE del d\u00eda veinte de diciembre, se ha publicado el R. D.-ley 16\/2014 por el que se regula el Programa de Activaci\u00f3n de Empleo:<\/h2>\n<p>Que favorecer\u00e1 a los desempleados de larga duraci\u00f3n con cargas familiares que hayan agotado toda protecci\u00f3n por desempleo y est\u00e9n buscando activamente empleo. Los adjudicatarios que participen en la medidas de activaci\u00f3n van a tener derecho a percibir una ayuda de acompa\u00f1amiento a lo largo de seis meses, equivalente al ochenta por ciento del IPREM: cuatrocientos veintiseis euros mensuales.<br \/>\nEn el BOE del d\u00eda veinte de diciembre, se ha publicado el R. D.-ley 16\/2014 por el que se regula el Programa de Activaci\u00f3n para el Empleo, que favorecer\u00e1 a los desempleados de larga duraci\u00f3n con cargas familiares que hayan agotado toda protecci\u00f3n por desempleo y est\u00e9n buscando activamente empleo. Los adjudicatarios que participen en las medidas de activaci\u00f3n van a tener derecho a percibir una ayuda de acompa\u00f1amiento a lo largo de seis meses, equivalente al ochenta por ciento del IPREM (Indicador P\u00fablico de Renta de Efectos M\u00faltiples): cuatrocientos veintiseis euros mensuales.<br \/>\nEsta regla responde al compromiso recogido en el Pacto sobre el Programa Excepcional de Activaci\u00f3n para el Empleo de quince de diciembre de dos mil catorce, destinado a prosperar la empleabilidad y dotar de nuevas ocasiones al convocado colectivo de trabajadores desempleados, dadas sus mayores contrariedades de colocaci\u00f3n, que como iniciativa prioritaria se recog\u00eda en el Pacto de propuestas para la negociaci\u00f3n tripartita para robustecer el desarrollo econ\u00f3mico y la utilizaci\u00f3n, firmado por el Gobierno y los interlocutores sociales (CEOE, CEPYME, CCOO y Uni\u00f3n General de Trabajadores) el veintinueve de julio de dos mil catorce.<br \/>\n\u00bfExactamente en qu\u00e9 consiste este Programa de Activaci\u00f3n del Empleo?<br \/>\nEl Programa de Activaci\u00f3n para el Empleo es un programa concreto y excepcional de car\u00e1cter temporal, dirigido a personas desempleadas de larga duraci\u00f3n que presenta una doble dimensi\u00f3n:<\/p>\n<p>Favorecer la vuelta al empleo mediante pol\u00edticas activas de empleo y actuaciones de intermediaci\u00f3n laboral.<br \/>\nRespaldar al desempleado a trav\u00e9s de una ayuda econ\u00f3mica de acompa\u00f1amiento gestionada por el SEPE y vinculada a la participaci\u00f3n en las pol\u00edticas de activaci\u00f3n para el uso, de cuant\u00eda igual al ochenta por ciento del IPREM mensual actual en todos y cada instante (en 2014: cuatrocientos veintiseis euros mensuales) a lo largo de seis meses.<\/p>\n<p>\u00bfQui\u00e9nes pueden beneficiarse?<br \/>\nVan a poder ser adjudicatarios los desempleados que, en la data de la petici\u00f3n, cumplan los requisitos que se se\u00f1alan ahora, teniendo presente que no se considera desempleado a efectos del acceso a este programa a quien en esa data se halle trabajando por cuenta extra\u00f1a a tiempo parcial:<\/p>\n<p>Haber trabajado en alg\u00fan instante de su vida laboral y que su \u00faltima relaci\u00f3n laboral se haya extinguido por causa involuntaria.<br \/>\nEncontrarse sin protecci\u00f3n: que hayan agotado el programa PREPARA, el PRODI o bien la tercera Renta Activa de Inserci\u00f3n hace m\u00e1s de 6 meses y que no tengan derecho a ninguna prestaci\u00f3n por desempleo, subsidio o bien Renta Activa de Inserci\u00f3n.<br \/>\nNo superar los umbrales de renta frecuentes para estas ayudas ni a nivel individual, ni a nivel de unidad familiar. Este requisito debe cumplirse a lo largo de toda la duraci\u00f3n del programa.<br \/>\nFigurar anotado como demandante de empleo a 1 de diciembre de dos mil catorce y haber continuado anotado a lo largo de, cuando menos, 12 meses en los dieciocho meses precedentes a la petici\u00f3n. En lo que se refiere a este \u00faltimo requisito, se excluyen aquellos casos en los que los d\u00edas de baja como demandante de empleo por haber encontrado un trabajo no superen los 3 meses de duraci\u00f3n.<br \/>\nEn el plazo de un mes desde la petici\u00f3n, el demandante efectuar\u00e1 una busca activa de empleo (BAE) y va a deber acreditarla frente al Servicio P\u00fablico de Empleo eficiente, que realizar\u00e1 un diagn\u00f3stico de las necesidades concretas del adjudicatario desde su perfil. De este modo, definir\u00e1 un Recorrido Adaptado de Inserci\u00f3n (IPI) que va a dar acceso a un conjunto de medidas de activaci\u00f3n y le asignar\u00e1 un tutor individual.<br \/>\nA lo largo de la participaci\u00f3n en el Programa, el adjudicatario no va a poder rehusar ninguna oferta conveniente de empleo propuesta por los servicios de empleo o bien agencias cooperadoras, y se compromete a efectuar cualquiera acciones de activaci\u00f3n que le sean propuestas por los servicios de empleo y acreditarlo.<\/p>\n<p>Plazo de presentaci\u00f3n: entre el quince de enero de dos mil quince y el quince de abril de dos mil dieciseis<br \/>\nPara ser aceptados en el programa y conseguir el reconocimiento de la ayuda econ\u00f3mica de acompa\u00f1amiento, las personas desempleadas van a deber presentar la petici\u00f3n entre el quince de enero de dos mil quince y el quince de abril de dos mil dieciseis y acompa\u00f1ando la documentaci\u00f3n acreditativa pertinente.<br \/>\nTiene que tenerse en cuenta que el SEPE tiene un plazo m\u00e1ximo de tres meses para solucionar la petici\u00f3n y que el trascurrido de este periodo sin dictado de resoluci\u00f3n expresa tiene que interpretarse en el sentido de que la petici\u00f3n ha sido desechada -silencio administrativo negativo-. Tambi\u00e9n, contra la resoluci\u00f3n adoptada va a poder interponerse reclamaci\u00f3n anterior a la v\u00eda jurisdiccional social en el plazo de treinta d\u00edas desde la notificaci\u00f3n de exactamente la misma.<br \/>\nCompatibilidad<br \/>\nEl Programa deja compaginas hasta cinco meses la percepci\u00f3n de la ayuda de acompa\u00f1amiento con el trabajo por cuenta extra\u00f1a. Las bonificaciones a la contrataci\u00f3n son compatibles con el Programa, siempre y cuando el l\u00edmite de rebaja (incluyendo la cuant\u00eda de la ayuda econ\u00f3mica asociada al Programa) no supere el ochenta por ciento del costo salarial del adjudicatario contratado.<br \/>\nPueden ponerse en contacto con este despacho profesional para cualquier duda o bien aclaraci\u00f3n que puedan tener a este respecto.<\/p>\n<p><span style=\"color: #000000;\"><strong>CSF Consulting Abogados y Economistas,<\/strong><\/span><\/p>\n","protected":false},"excerpt":{"rendered":"<p>En el BOE del d\u00eda veinte de diciembre, se ha publicado el R. D.-ley 16\/2014 por el que se regula el Programa de Activaci\u00f3n de Empleo: Que favorecer\u00e1 a los desempleados de larga duraci\u00f3n con cargas familiares que hayan agotado toda protecci\u00f3n por desempleo y est\u00e9n buscando activamente empleo. Los adjudicatarios que participen en la&hellip;<\/p>\n","protected":false},"author":2,"featured_media":4173,"comment_status":"closed","ping_status":"open","sticky":false,"template":"","format":"standard","meta":{"footnotes":""},"categories":[1],"tags":[102],"class_list":["post-4171","post","type-post","status-publish","format-standard","has-post-thumbnail","hentry","category-noticias","tag-laboral-y-seguridad-social","category-1","description-off"],"_links":{"self":[{"href":"https:\/\/www.csfconsulting.es\/en\/wp-json\/wp\/v2\/posts\/4171","targetHints":{"allow":["GET"]}}],"collection":[{"href":"https:\/\/www.csfconsulting.es\/en\/wp-json\/wp\/v2\/posts"}],"about":[{"href":"https:\/\/www.csfconsulting.es\/en\/wp-json\/wp\/v2\/types\/post"}],"author":[{"embeddable":true,"href":"https:\/\/www.csfconsulting.es\/en\/wp-json\/wp\/v2\/users\/2"}],"replies":[{"embeddable":true,"href":"https:\/\/www.csfconsulting.es\/en\/wp-json\/wp\/v2\/comments?post=4171"}],"version-history":[{"count":0,"href":"https:\/\/www.csfconsulting.es\/en\/wp-json\/wp\/v2\/posts\/4171\/revisions"}],"wp:featuredmedia":[{"embeddable":true,"href":"https:\/\/www.csfconsulting.es\/en\/wp-json\/wp\/v2\/media\/4173"}],"wp:attachment":[{"href":"https:\/\/www.csfconsulting.es\/en\/wp-json\/wp\/v2\/media?parent=4171"}],"wp:term":[{"taxonomy":"category","embeddable":true,"href":"https:\/\/www.csfconsulting.es\/en\/wp-json\/wp\/v2\/categories?post=4171"},{"taxonomy":"post_tag","embeddable":true,"href":"https:\/\/www.csfconsulting.es\/en\/wp-json\/wp\/v2\/tags?post=4171"}],"curies":[{"name":"wp","href":"https:\/\/api.w.org\/{rel}","templated":true}]}}