{"id":10489,"date":"2017-07-10T09:53:55","date_gmt":"2017-07-10T07:53:55","guid":{"rendered":"https:\/\/www.csfconsulting.es\/?p=10489\/"},"modified":"2017-08-19T14:11:44","modified_gmt":"2017-08-19T12:11:44","slug":"avance-las-primordiales-medidas-previstas-la-ley-reforma-los-autonomos","status":"publish","type":"post","link":"https:\/\/www.csfconsulting.es\/fr\/avance-las-primordiales-medidas-previstas-la-ley-reforma-los-autonomos\/","title":{"rendered":"Avance de las Primordiales Medidas Previstas en la Ley de Reforma para los Aut\u00f3nomos"},"content":{"rendered":"<div class=\"wpb-content-wrapper\"><p>[vc_row][vc_column][vc_column_text]<\/p>\n<h1><\/h1>\n<h2>El Congreso ha aprobado la proposici\u00f3n de Ley de Reformas Urgentes del Trabajo Aut\u00f3nomo:<\/h2>\n<p>Que incorpora nuevas medidas, que mejora su fiscalidad dejando deducciones de gastos corriente, la protecci\u00f3n social y familiar, y favorece el emprendimiento y el relevo generacional de los aut\u00f3nomos.<br \/>\nComo va a haber visto por diferentes medios de prensa y de comunicaci\u00f3n, la Comisi\u00f3n de Empleo del Congreso de los Miembros del Congreso de los Diputados ha aprobado el pasado veintinueve de junio un\u00e1nimemente la proposici\u00f3n de Ley de Reformas Urgentes del Trabajo Aut\u00f3nomo, una regla que incluir\u00e1 ciertas medidas de mejora para este colectivo: mejora su fiscalidad dejando deducciones de gastos corrientes, la protecci\u00f3n social y familiar, y favorece el emprendimiento y el relevo generacional de los aut\u00f3nomos.<br \/>\nAhora, les resaltamos un avance de las primordiales medidas de esta regla que una vez haya sido aprobada en la Comisi\u00f3n de Empleo del Congreso de los Miembros del Congreso de los Diputados, va a pasar al Senado, para la posible presentaci\u00f3n de enmiendas, que no son previsibles al haberse aprobado un\u00e1nimemente, y despu\u00e9s volver\u00e1 al Congreso.\u00a0 Se calcula que la mayor\u00eda de las medidas puedan empezar a aplicarse desde el pr\u00f3ximo mes de septiembre, en el momento en que la ley haya sido publicada en el BOE y entre en vigor.<br \/>\nPrimordiales medidas previstas para los aut\u00f3nomos<\/p>\n<p>Deducci\u00f3n en el IRPF del veinte por ciento de gastos de agua, electricidad o bien Internet, si se trabaja desde casa (actividades econ\u00f3micas sin local cari\u00f1o).<br \/>\nReconoce el accidente \u00abin itinere\u00bb (ida o bien de vuelta al puesto).<br \/>\nSi se es aut\u00f3nomo en edad de jubilaci\u00f3n, y se tienen cuando menos un trabajador contratado, se va a poder compatibilizar la actividad con el cien por ciento de la pensi\u00f3n, en vez del cinco por ciento de la pensi\u00f3n que se establec\u00eda hasta el momento en el caso de proseguir con la actividad.<br \/>\nLa cuota de los aut\u00f3nomos societarios se desliga de la subida del sueldo m\u00ednimo interprofesional, con lo que se establecer\u00e1 de a\u00f1o en a\u00f1o en los presupuestos generales del estado.<br \/>\nReduce las multas por impago a la Seguridad Social, del veinte al diez por ciento en el primer mes.<br \/>\nDeja mudar 4 veces por a\u00f1o la base de cotizaci\u00f3n, en funci\u00f3n de intereses y tambi\u00e9n ingresos.<br \/>\nSe deja registrarse y de baja para abonar solo por los d\u00edas trabajados.<br \/>\nSolamente van a pagar por los periodos ciertamente trabajados (tres altas y tres bajas por a\u00f1o toleradas).<br \/>\nSe ampl\u00eda la tarifa plana de cinco euros de seis meses a un a\u00f1o, y pasados un par de a\u00f1os desde la finalizaci\u00f3n de la actividad, los aut\u00f3nomos van a poder regresar a acogerse a esta tarifa.<br \/>\nTarifa plana de cinco euros para mujeres que se reincorporen tras la baja por maternidad.<br \/>\nDevoluci\u00f3n de la parte pertinente por exceso de cotizaci\u00f3n en el caso de pluriactividad sin pedirlo.<br \/>\nExenci\u00f3n del cien por ciento de la cuota a lo largo de 1 a\u00f1o para el cuidado de menores o bien dependientes.<br \/>\nBonificaci\u00f3n cien por ciento de la cotizaci\u00f3n a la Seguridad Social para aut\u00f3nomos a lo largo de reposo por maternidad, paternidad, adopci\u00f3n etc\u00e9tera<br \/>\nSe facilita y deja la contrataci\u00f3n a los hijos discapacitados de los aut\u00f3nomos.<br \/>\nAsimismo se prev\u00e9n medidas de mejora en la capacitaci\u00f3n de prevenci\u00f3n de riesgos a aut\u00f3nomos.<br \/>\nSe aumenta hasta doce a\u00f1os (ya antes siete) la edad de menores a cargo que da derecho al reconocimiento de la bonificaci\u00f3n por conciliaci\u00f3n.<br \/>\nExenci\u00f3n del cien por ciento de la cuota de aut\u00f3nomos a lo largo de doce meses por cuidado de menores o bien dependientes.<\/p>\n<p>Puede ver el texto de la norma aqu\u00ed:<\/p>\n<p><a href=\"http:\/\/www.laboral-social.com\/sites\/laboral-social.com\/files\/BOCG-12-B-56-5.PDF\" target=\"_blank\" rel=\"noopener\">http:\/\/www.laboral-social.com\/sites\/laboral-social.com\/files\/BOCG-12-B-56-5.PDF<\/a><\/p>\n<p>Ver informe de Gobierno:<\/p>\n<p><a href=\"http:\/\/www.lamoncloa.gob.es\/consejodeministros\/referencias\/documents\/2017\/refc20170629e_1.pdf\" target=\"_blank\" rel=\"noopener\">http:\/\/www.lamoncloa.gob.es\/consejodeministros\/referencias\/documents\/2017\/refc20170629e_1.pdf<\/a><\/p>\n<p>Pueden ponerse en contacto con este despacho profesional para cualquier duda o aclaraci\u00f3n que puedan tener al respecto.<\/p>\n<p>Para descargarse el texto de la publicaci\u00f3n, <a href=\"https:\/\/www.csfconsulting.es\/wp-content\/uploads\/Avance-de-las-principales-medidas-reforma-para-los-autonomos-233.pdf\" target=\"_blank\" rel=\"noopener noreferrer\">pulse aqu\u00ed.<\/a><\/p>\n<p><strong>CSF Consulting Abogados y Economistas,<\/strong>[\/vc_column_text][\/vc_column][\/vc_row]<\/p>\n<\/div>","protected":false},"excerpt":{"rendered":"<p>[vc_row][vc_column][vc_column_text] El Congreso ha aprobado la proposici\u00f3n de Ley de Reformas Urgentes del Trabajo Aut\u00f3nomo: Que incorpora nuevas medidas, que mejora su fiscalidad dejando deducciones de gastos corriente, la protecci\u00f3n social y familiar, y favorece el emprendimiento y el relevo generacional de los aut\u00f3nomos. Como va a haber visto por diferentes medios de prensa y&hellip;<\/p>\n","protected":false},"author":2,"featured_media":10490,"comment_status":"open","ping_status":"open","sticky":false,"template":"","format":"standard","meta":{"footnotes":""},"categories":[1],"tags":[102],"class_list":["post-10489","post","type-post","status-publish","format-standard","has-post-thumbnail","hentry","category-noticias","tag-laboral-y-seguridad-social","category-1","description-off"],"_links":{"self":[{"href":"https:\/\/www.csfconsulting.es\/fr\/wp-json\/wp\/v2\/posts\/10489","targetHints":{"allow":["GET"]}}],"collection":[{"href":"https:\/\/www.csfconsulting.es\/fr\/wp-json\/wp\/v2\/posts"}],"about":[{"href":"https:\/\/www.csfconsulting.es\/fr\/wp-json\/wp\/v2\/types\/post"}],"author":[{"embeddable":true,"href":"https:\/\/www.csfconsulting.es\/fr\/wp-json\/wp\/v2\/users\/2"}],"replies":[{"embeddable":true,"href":"https:\/\/www.csfconsulting.es\/fr\/wp-json\/wp\/v2\/comments?post=10489"}],"version-history":[{"count":0,"href":"https:\/\/www.csfconsulting.es\/fr\/wp-json\/wp\/v2\/posts\/10489\/revisions"}],"wp:featuredmedia":[{"embeddable":true,"href":"https:\/\/www.csfconsulting.es\/fr\/wp-json\/wp\/v2\/media\/10490"}],"wp:attachment":[{"href":"https:\/\/www.csfconsulting.es\/fr\/wp-json\/wp\/v2\/media?parent=10489"}],"wp:term":[{"taxonomy":"category","embeddable":true,"href":"https:\/\/www.csfconsulting.es\/fr\/wp-json\/wp\/v2\/categories?post=10489"},{"taxonomy":"post_tag","embeddable":true,"href":"https:\/\/www.csfconsulting.es\/fr\/wp-json\/wp\/v2\/tags?post=10489"}],"curies":[{"name":"wp","href":"https:\/\/api.w.org\/{rel}","templated":true}]}}