{"id":15138,"date":"2020-04-11T19:31:45","date_gmt":"2020-04-11T17:31:45","guid":{"rendered":"https:\/\/www.csfconsulting.es\/?p=15138\/"},"modified":"2020-04-20T11:22:26","modified_gmt":"2020-04-20T09:22:26","slug":"comunicado-covid-19-prolongacion-estado-de-alarma","status":"publish","type":"post","link":"https:\/\/www.csfconsulting.es\/fr\/comunicado-covid-19-prolongacion-estado-de-alarma\/","title":{"rendered":"Video-Comunicado COVID-19. Prolongaci\u00f3n Estado de Alarma"},"content":{"rendered":"<div class=\"wpb-content-wrapper\"><p>[vc_row][vc_column][vc_column_text]En esta ocasi\u00f3n, nuestro director Antonio Aladue\u00f1a se dirige mediante un v\u00eddeo a nuestros clientes para informar sobre la prolongaci\u00f3n del estado de alarma, posibilidad de aplazamientos declaraciones trimestrales y resumen de las principales medidas extraordinarias vigentes para PYMES y aut\u00f3nomos.<\/p>\n<p>[\/vc_column_text][\/vc_column][\/vc_row][vc_row][vc_column][vc_empty_space][\/vc_column][\/vc_row][vc_row][vc_column][vc_video link=\u00a0\u00bbhttps:\/\/www.youtube.com\/watch?v=2Cs1PtGZGJ4&Prime;][\/vc_column][\/vc_row]<\/p>\n<\/div>","protected":false},"excerpt":{"rendered":"<p>[vc_row][vc_column][vc_column_text]En esta ocasi\u00f3n, nuestro director Antonio Aladue\u00f1a se dirige mediante un v\u00eddeo a nuestros clientes para informar sobre la prolongaci\u00f3n del estado de alarma, posibilidad de aplazamientos declaraciones trimestrales y resumen de las principales medidas extraordinarias vigentes para PYMES y aut\u00f3nomos. [\/vc_column_text][\/vc_column][\/vc_row][vc_row][vc_column][vc_empty_space][\/vc_column][\/vc_row][vc_row][vc_column][vc_video link=\u00a0\u00bbhttps:\/\/www.youtube.com\/watch?v=2Cs1PtGZGJ4&Prime;][\/vc_column][\/vc_row]<\/p>\n","protected":false},"author":2,"featured_media":0,"comment_status":"open","ping_status":"open","sticky":false,"template":"","format":"standard","meta":{"footnotes":""},"categories":[158,1],"tags":[91],"class_list":["post-15138","post","type-post","status-publish","format-standard","hentry","category-covid-19","category-noticias","tag-fiscal-contable","category-158","category-1","description-off"],"_links":{"self":[{"href":"https:\/\/www.csfconsulting.es\/fr\/wp-json\/wp\/v2\/posts\/15138","targetHints":{"allow":["GET"]}}],"collection":[{"href":"https:\/\/www.csfconsulting.es\/fr\/wp-json\/wp\/v2\/posts"}],"about":[{"href":"https:\/\/www.csfconsulting.es\/fr\/wp-json\/wp\/v2\/types\/post"}],"author":[{"embeddable":true,"href":"https:\/\/www.csfconsulting.es\/fr\/wp-json\/wp\/v2\/users\/2"}],"replies":[{"embeddable":true,"href":"https:\/\/www.csfconsulting.es\/fr\/wp-json\/wp\/v2\/comments?post=15138"}],"version-history":[{"count":0,"href":"https:\/\/www.csfconsulting.es\/fr\/wp-json\/wp\/v2\/posts\/15138\/revisions"}],"wp:attachment":[{"href":"https:\/\/www.csfconsulting.es\/fr\/wp-json\/wp\/v2\/media?parent=15138"}],"wp:term":[{"taxonomy":"category","embeddable":true,"href":"https:\/\/www.csfconsulting.es\/fr\/wp-json\/wp\/v2\/categories?post=15138"},{"taxonomy":"post_tag","embeddable":true,"href":"https:\/\/www.csfconsulting.es\/fr\/wp-json\/wp\/v2\/tags?post=15138"}],"curies":[{"name":"wp","href":"https:\/\/api.w.org\/{rel}","templated":true}]}}