{"id":15715,"date":"2020-07-31T10:40:05","date_gmt":"2020-07-31T08:40:05","guid":{"rendered":"https:\/\/www.csfconsulting.es\/?p=15715\/"},"modified":"2020-07-31T10:43:04","modified_gmt":"2020-07-31T08:43:04","slug":"sepe-finalizan-algunas-de-las-medidas-extraordinarias-puestas-en-marcha-por-el-covid-19","status":"publish","type":"post","link":"https:\/\/www.csfconsulting.es\/fr\/sepe-finalizan-algunas-de-las-medidas-extraordinarias-puestas-en-marcha-por-el-covid-19\/","title":{"rendered":"SEPE. Finalizan algunas de las Medidas Extraordinarias puestas en Marcha por el COVID-19"},"content":{"rendered":"<p>Le informamos que el SEPE ha comunicado en su web que el 20 de julio se cumpli\u00f3 un mes del t\u00e9rmino del estado de alarma. A consecuencia de ello, el 21 de julio finalizaron los plazos para las medidas extraordinarias en materia de trabajo adoptadas frente al COVID-19.<\/p>\n<p>De esta forma a partir del 21 de julio ya no se podr\u00e1 solicitar el Subsidio Extraordinario para Personas Empleadas de Hogar y el Subsidio Excepcional de Fin de Contrato Temporal.<\/p>\n<p>Asimismo el plazo de presentaci\u00f3n de solicitudes de prestaci\u00f3n por desempleo vuelve a ser de 15 d\u00edas h\u00e1biles. Fuera de este plazo implicar\u00e1 la reducci\u00f3n de la duraci\u00f3n del tiempo de la prestaci\u00f3n.<\/p>\n<p>Si ya es perceptor de subsidios por desempleo, recuerda que deber\u00e1s de solicitar la pr\u00f3rroga de subsidio a los seis meses y, si es perceptor de subsidio para trabajadores mayores de 52 a\u00f1os, deber\u00e1s presentar la declaraci\u00f3n anual de rentas (DAR).<\/p>\n<p>Pueden ponerse en contacto con este despacho profesional para cualquier duda o aclaraci\u00f3n que puedan tener al respecto.<\/p>\n<p>Madrid, a 31 de julio de 2020<\/p>\n<p><strong>CSF Consulting Abogados y Economistas,<\/strong><\/p>\n","protected":false},"excerpt":{"rendered":"<p>Le informamos que el SEPE ha comunicado en su web que el 20 de julio se cumpli\u00f3 un mes del t\u00e9rmino del estado de alarma. A consecuencia de ello, el 21 de julio finalizaron los plazos para las medidas extraordinarias en materia de trabajo adoptadas frente al COVID-19. De esta forma a partir del 21&hellip;<\/p>\n","protected":false},"author":2,"featured_media":14942,"comment_status":"open","ping_status":"open","sticky":false,"template":"","format":"standard","meta":{"footnotes":""},"categories":[158,1],"tags":[],"class_list":["post-15715","post","type-post","status-publish","format-standard","has-post-thumbnail","hentry","category-covid-19","category-noticias","category-158","category-1","description-off"],"_links":{"self":[{"href":"https:\/\/www.csfconsulting.es\/fr\/wp-json\/wp\/v2\/posts\/15715","targetHints":{"allow":["GET"]}}],"collection":[{"href":"https:\/\/www.csfconsulting.es\/fr\/wp-json\/wp\/v2\/posts"}],"about":[{"href":"https:\/\/www.csfconsulting.es\/fr\/wp-json\/wp\/v2\/types\/post"}],"author":[{"embeddable":true,"href":"https:\/\/www.csfconsulting.es\/fr\/wp-json\/wp\/v2\/users\/2"}],"replies":[{"embeddable":true,"href":"https:\/\/www.csfconsulting.es\/fr\/wp-json\/wp\/v2\/comments?post=15715"}],"version-history":[{"count":0,"href":"https:\/\/www.csfconsulting.es\/fr\/wp-json\/wp\/v2\/posts\/15715\/revisions"}],"wp:featuredmedia":[{"embeddable":true,"href":"https:\/\/www.csfconsulting.es\/fr\/wp-json\/wp\/v2\/media\/14942"}],"wp:attachment":[{"href":"https:\/\/www.csfconsulting.es\/fr\/wp-json\/wp\/v2\/media?parent=15715"}],"wp:term":[{"taxonomy":"category","embeddable":true,"href":"https:\/\/www.csfconsulting.es\/fr\/wp-json\/wp\/v2\/categories?post=15715"},{"taxonomy":"post_tag","embeddable":true,"href":"https:\/\/www.csfconsulting.es\/fr\/wp-json\/wp\/v2\/tags?post=15715"}],"curies":[{"name":"wp","href":"https:\/\/api.w.org\/{rel}","templated":true}]}}