{"id":19385,"date":"2024-11-28T09:16:49","date_gmt":"2024-11-28T08:16:49","guid":{"rendered":"https:\/\/www.csfconsulting.es\/?p=19385"},"modified":"2024-11-28T09:16:49","modified_gmt":"2024-11-28T08:16:49","slug":"las-indemnizaciones-laborales-tributan-en-el-irpf-descubre-las-claves-para-evitar-sorpresas-fiscales","status":"publish","type":"post","link":"https:\/\/www.csfconsulting.es\/fr\/las-indemnizaciones-laborales-tributan-en-el-irpf-descubre-las-claves-para-evitar-sorpresas-fiscales\/","title":{"rendered":"\u00bfLas indemnizaciones laborales tributan en el IRPF? Descubre las claves para evitar sorpresas fiscales"},"content":{"rendered":"<p>Si la indemnizaci\u00f3n excede de la cantidad obligatoria del Estatuto de los Trabajadores, el exceso tributa como rendimiento del trabajo en el IRPF. Adem\u00e1s, si la relaci\u00f3n laboral dur\u00f3 m\u00e1s de dos a\u00f1os, este exceso puede beneficiarse de una reducci\u00f3n del 30%, aplicable sobre un m\u00e1ximo de 300.000 euros anuales. Sin embargo, si la indemnizaci\u00f3n es muy alta (por encima de 700. 000 euros), esta reducci\u00f3n se ajusta o desaparece.<\/p>\n<p>Las decisiones relacionadas con despidos o ceses laborales conllevan importantes implicaciones fiscales que podr\u00edan afectar tanto a empresas como a trabajadores. Entender las reglas que rigen la exenci\u00f3n o tributaci\u00f3n en el IRPF es esencial para evitar errores y aprovechar al m\u00e1ximo los beneficios fiscales disponibles.<\/p>\n<p>En esta circular, desglosamos las claves normativas y fiscales sobre el tratamiento de las indemnizaciones, incluidos casos espec\u00edficos, ejemplos pr\u00e1cticos y recomendaciones que proteger\u00e1n sus intereses y optimizar\u00e1n su cumplimiento tributario.<\/p>\n<p><strong>Indemnizaciones exentas de IRPF<\/strong><\/p>\n<p><strong>Cuant\u00edas obligatorias<\/strong><\/p>\n<p>Las indemnizaciones por despido est\u00e1n exentas de IRPF si cumplen con los l\u00edmites establecidos en el\u00a0<strong>Estatuto de los Trabajadores (ET):<\/strong><\/p>\n<ul>\n<li><strong>Despido improcedente:<\/strong>\u00a0Hasta 33 d\u00edas por a\u00f1o trabajado, con un m\u00e1ximo de 24 mensualidades.<\/li>\n<li><strong>Despidos colectivos u objetivos:<\/strong>\u00a0Hasta 20 d\u00edas por a\u00f1o trabajado, con un m\u00e1ximo de 12 mensualidades.<\/li>\n<li><strong>Indemnizaciones transitorias:<\/strong>\u00a0Contratos anteriores al 12 de febrero de 2012 mantienen el c\u00e1lculo de 45 d\u00edas hasta esa fecha y 33 d\u00edas a partir de entonces, con un l\u00edmite de 42 mensualidades.<\/li>\n<\/ul>\n<p><strong>L\u00edmite m\u00e1ximo exento:<\/strong>\u00a0La cuant\u00eda total exenta de IRPF no puede superar los\u00a0<strong>180.000 euros<\/strong>, seg\u00fan el art\u00edculo 7.e de la Ley del IRPF.<\/p>\n<p><strong>Requisitos <\/strong><\/p>\n<ol>\n<li><strong>Real y efectiva desvinculaci\u00f3n laboral:<\/strong>\u00a0La exenci\u00f3n no aplica si el trabajador vuelve a la empresa o a una vinculada en los tres a\u00f1os posteriores al despido.<\/li>\n<li><strong>Acto de conciliaci\u00f3n:<\/strong>\u00a0En casos disciplinarios, la improcedencia del despido debe reconocerse formalmente para garantizar la exenci\u00f3n.<\/li>\n<li><strong>Indemnizaciones pactadas:<\/strong>\u00a0Las cantidades que superen los l\u00edmites establecidos tributan como rendimientos del trabajo.<\/li>\n<\/ol>\n<p><strong>Indemnizaciones sujetas a tributaci\u00f3n<\/strong><\/p>\n<p>Cuando la indemnizaci\u00f3n supera los l\u00edmites obligatorios o incluye pactos adicionales, las cantidades excedentes tributan como\u00a0<strong>rendimientos del trabajo<\/strong>, pudiendo beneficiarse de la\u00a0<strong>reducci\u00f3n del 30%<\/strong>\u00a0en los siguientes casos:<\/p>\n<ul>\n<li>El trabajador estuvo contratado m\u00e1s de dos a\u00f1os.<\/li>\n<li>La indemnizaci\u00f3n se percibi\u00f3 de forma irregular y en un \u00fanico periodo fiscal.<\/li>\n<\/ul>\n<p><strong>Ejemplo pr\u00e1ctico: <\/strong>Un trabajador despedido recibe 35 d\u00edas por a\u00f1o trabajado, cuando el l\u00edmite exento es de 33 d\u00edas. En este caso, los dos d\u00edas adicionales tributar\u00e1n como rendimiento del trabajo, aunque podr\u00e1n beneficiarse de la reducci\u00f3n del 30% si cumplen las condiciones.<\/p>\n<p>La\u00a0reducci\u00f3n del 30%\u00a0es un beneficio fiscal previsto en el art\u00edculo 18.2 de la Ley del IRPF. Est\u00e1 dise\u00f1ado para suavizar la carga tributaria en situaciones donde se generan rendimientos irregulares, es decir, ingresos que no se obtienen de forma peri\u00f3dica, como indemnizaciones laborales que exceden los l\u00edmites de exenci\u00f3n.<\/p>\n<p>Estas son las condiciones que se deben cumplir:<\/p>\n<ol>\n<li>Per\u00edodo de generaci\u00f3n superior a 2 a\u00f1os:<br \/>\nEl rendimiento debe haberse generado durante un per\u00edodo superior a dos a\u00f1os. En el caso de indemnizaciones laborales, este per\u00edodo equivale a los a\u00f1os de servicio del trabajador en la empresa.<\/li>\n<li>Imputaci\u00f3n en un solo ejercicio fiscal:<br \/>\nLa totalidad del rendimiento sujeto a tributaci\u00f3n debe declararse en un \u00fanico ejercicio fiscal.<\/li>\n<li>L\u00edmite de la reducci\u00f3n:<br \/>\nLa reducci\u00f3n del 30% se aplica \u00fanicamente a la parte de la indemnizaci\u00f3n que excede el l\u00edmite exento de 180.000 euros y hasta un m\u00e1ximo de 300.000 euros anuales.<\/li>\n<li>Regla de los 5 a\u00f1os:<br \/>\nNo se podr\u00e1 aplicar la reducci\u00f3n si, en los cinco ejercicios fiscales anteriores, el contribuyente ya ha obtenido rendimientos irregulares a los que aplic\u00f3 esta misma reducci\u00f3n.<\/li>\n<li>Exclusi\u00f3n para rendimientos superiores a 1.000.000 de euros:<br \/>\nSi la indemnizaci\u00f3n sujeta a tributaci\u00f3n supera el mill\u00f3n de euros, no se aplicar\u00e1 ninguna reducci\u00f3n.<\/li>\n<\/ol>\n<p><strong>Tramos progresivos para altas indemnizaciones:<\/strong><\/p>\n<ul>\n<li>Para rendimientos entre\u00a0700.000 y 1.000.000 de euros, la base de la indemnizaci\u00f3n sobre la que se aplica la reducci\u00f3n se reduce proporcionalmente:\n<ul>\n<li>Base m\u00e1xima: 300.000 euros &#8211; (Indemnizaci\u00f3n &#8211; 700.000 euros).<\/li>\n<li>Ejemplo: Si el rendimiento sujeto a IRPF es de 800.000 euros, la base de aplicaci\u00f3n ser\u00e1\u00a0200.000 euros\u00a0en lugar de 300.000.<\/li>\n<\/ul>\n<\/li>\n<li>A partir de\u00a01.000.000 euros, no se aplica reducci\u00f3n.<\/li>\n<\/ul>\n<p>Acumulaci\u00f3n de rendimientos irregulares:<\/p>\n<ul>\n<li>Si el trabajador recibe varios rendimientos irregulares en un ejercicio (por ejemplo, una indemnizaci\u00f3n y otra bonificaci\u00f3n irregular), el l\u00edmite conjunto m\u00e1ximo para aplicar la reducci\u00f3n es de 300.000 euros.<\/li>\n<\/ul>\n<p><strong>Caso 1: Indemnizaci\u00f3n por despido objetivo<\/strong><\/p>\n<ul>\n<li>Indemnizaci\u00f3n total:\u00a0250.000 euros.<\/li>\n<li>L\u00edmite exento:\u00a0180.000 euros.<\/li>\n<li>Exceso sujeto a IRPF:\u00a070.000 euros.<\/li>\n<li>Reducci\u00f3n aplicable:\u00a030% sobre 70.000 euros \u2192 ahorro fiscal de 21.000 euros.<\/li>\n<\/ul>\n<p><strong>Caso 2: Indemnizaci\u00f3n alta con ajuste progresivo<\/strong><\/p>\n<ul>\n<li>Indemnizaci\u00f3n total:\u00a0900.000 euros.<\/li>\n<li>L\u00edmite exento:\u00a0180.000 euros.<\/li>\n<li>Exceso sujeto a IRPF:\u00a0720.000 euros.<\/li>\n<li>Base de reducci\u00f3n ajustada:\u00a0300.000 &#8211; (720.000 &#8211; 700.000) = 280.000 euros.<\/li>\n<li>Reducci\u00f3n aplicable:\u00a030% sobre 280.000 euros \u2192 ahorro fiscal de 84.000 euros.<\/li>\n<\/ul>\n<p><strong>Caso 3: Indemnizaci\u00f3n superior a 1.000.000 de euros<\/strong><\/p>\n<ul>\n<li>Indemnizaci\u00f3n total:\u00a01.200.000 euros.<\/li>\n<li>L\u00edmite exento:\u00a0180.000 euros.<\/li>\n<li>Exceso sujeto a IRPF:\u00a01.020.000 euros.<\/li>\n<li>Base de reducci\u00f3n:\u00a0No se aplica reducci\u00f3n, el 30% no es v\u00e1lido.<\/li>\n<\/ul>\n<p><strong>Casos espec\u00edficos <\/strong><\/p>\n<p><strong>Despidos colectivos<\/strong><\/p>\n<p>En despidos colectivos por causas econ\u00f3micas, t\u00e9cnicas, organizativas o de fuerza mayor:<\/p>\n<ul>\n<li>Las indemnizaciones est\u00e1n exentas dentro de los l\u00edmites del despido improcedente.<\/li>\n<li>Si la empresa pacta un importe superior, el exceso tributa.<\/li>\n<\/ul>\n<p><strong>Jubilaci\u00f3n anticipada derivada de un ERE<\/strong><\/p>\n<ul>\n<li>Las indemnizaciones no suelen estar exentas, ya que el trabajador pasa a percibir pensi\u00f3n de jubilaci\u00f3n.<\/li>\n<li>Solo si queda en situaci\u00f3n legal de desempleo podr\u00eda aplicarse la exenci\u00f3n.<\/li>\n<\/ul>\n<p><strong>Modificaciones sustanciales de las condiciones de trabajo<\/strong><\/p>\n<p>Seg\u00fan el art\u00edculo 41 del ET, el trabajador puede rescindir el contrato y percibir una indemnizaci\u00f3n de hasta 20 d\u00edas por a\u00f1o trabajado (m\u00e1ximo de 9 meses), exenta si cumple con los l\u00edmites obligatorios.<\/p>\n<p><strong>Relaciones laborales especiales<\/strong><\/p>\n<p>Incluyen directivos, deportistas profesionales, empleados del hogar, artistas y otros colectivos. Cada caso tiene reglas particulares que deben analizarse.<\/p>\n<p><strong>Cuestiones Frecuentes<\/strong><\/p>\n<p><strong>\u00bfQu\u00e9 ocurre si se supera el l\u00edmite de 180.000 euros?<\/strong><\/p>\n<p>El exceso tributa como rendimiento del trabajo. Adem\u00e1s, si el importe indemnizatorio excede los 700.000 euros, la reducci\u00f3n del 30% se ajusta o desaparece completamente en cantidades superiores a un mill\u00f3n de euros.<\/p>\n<p><strong>\u00bfQu\u00e9 pasa si se rehace el v\u00ednculo laboral?<\/strong><\/p>\n<p>Si el trabajador regresa a la empresa dentro de los tres a\u00f1os siguientes, deber\u00e1 tributar la indemnizaci\u00f3n inicialmente exenta mediante una autoliquidaci\u00f3n complementaria.<\/p>\n<p><strong>Recomendaciones<\/strong><\/p>\n<ol>\n<li><strong>Formalice los acuerdos correctamente:<\/strong>\u00a0Los actos de conciliaci\u00f3n son clave para garantizar la exenci\u00f3n fiscal.<\/li>\n<li><strong>Eval\u00fae l\u00edmites y exenciones:<\/strong>\u00a0Compruebe siempre si la indemnizaci\u00f3n supera los l\u00edmites legales para evitar sorpresas tributarias.<\/li>\n<li><strong>Consulte con un experto:<\/strong>\u00a0Cada caso tiene sus particularidades legales y fiscales.<\/li>\n<\/ol>\n<p><strong>Cuadro resumen: Indemnizaciones por despido o cese del trabajador<\/strong><\/p>\n<table>\n<thead>\n<tr>\n<td><strong>Causa de extinci\u00f3n del contrato de trabajo<\/strong><\/td>\n<td colspan=\"2\"><strong>Estatuto de los trabajadores<\/strong><\/td>\n<td><strong>Indemnizaci\u00f3n exenta\u00a0IRPF<\/strong><\/td>\n<\/tr>\n<tr>\n<td><strong>D\u00edas de salario por cada a\u00f1o de servicio<\/strong><\/td>\n<td><strong>M\u00e1ximo de mensualidades<\/strong><\/td>\n<\/tr>\n<\/thead>\n<tbody>\n<tr>\n<td colspan=\"4\"><strong>Despido improcedente<\/strong><\/td>\n<\/tr>\n<tr>\n<td>Despido improcedente con contrato suscrito a partir de 12-02-2012<\/td>\n<td>33<\/td>\n<td>24<\/td>\n<td>SI<\/td>\n<\/tr>\n<tr>\n<td>Despido improcedente con contrato suscrito anterior al 12-02-2012 (R\u00e9gimen transitorio)<\/td>\n<td>45\/33<\/td>\n<td>42<\/td>\n<td>SI<\/td>\n<\/tr>\n<tr>\n<td colspan=\"4\"><strong>Por voluntad del trabajador<\/strong><\/td>\n<\/tr>\n<tr>\n<td>Cese del trabajador<\/td>\n<td>NO<\/td>\n<td>&nbsp;<\/td>\n<td>NO<\/td>\n<\/tr>\n<tr>\n<td>Rescisi\u00f3n del contrato por traslado de centro de trabajo que implique cambio de residencia<\/td>\n<td>20<\/td>\n<td>12<\/td>\n<td>SI<\/td>\n<\/tr>\n<tr>\n<td>Rescisi\u00f3n del contrato por modificaci\u00f3n perjudicial de jornada, horario o r\u00e9gimen de trabajo a turnos<\/td>\n<td>20<\/td>\n<td>9<\/td>\n<td>SI<\/td>\n<\/tr>\n<tr>\n<td>Rescisi\u00f3n de contrato por modificaci\u00f3n que redunde en perjuicio de la formaci\u00f3n profesional o menoscabo de la dignidad del trabajador<\/td>\n<td>45\/33<\/td>\n<td>42<\/td>\n<td>SI<\/td>\n<\/tr>\n<tr>\n<td colspan=\"4\"><strong>Despidos colectivos<\/strong>\u00a0(Causas econ\u00f3micas, t\u00e9cnicas, organizativas o de producci\u00f3n y fuerza mayor)<\/td>\n<\/tr>\n<tr>\n<td>\u00a0ERE\u00a0aprobado antes del 08-03-2009<\/td>\n<td>20<\/td>\n<td>12<\/td>\n<td>SI<\/td>\n<\/tr>\n<tr>\n<td>\u00a0ERE\u00a0en tramitaci\u00f3n o con vigencia en su aplicaci\u00f3n a 12 de febrero de 2012 (Ley del\u00a0IRPF\u00a0, disposici\u00f3n transitoria 22\u00aa)<\/td>\n<td>45<\/td>\n<td>42<\/td>\n<td>SI: cuant\u00eda obligatoria para el despido improcedente anterior a 12 de febrero de 2012.<\/td>\n<\/tr>\n<tr>\n<td>Despido colectivo desde 12-02-2012<\/td>\n<td>33<br \/>\n45\/33 (R\u00e9gimen transitorio)<\/td>\n<td>42<\/td>\n<td>SI: cuant\u00eda obligatoria para el despido improcedente (33 d\u00edas\/24 mensualidades o r\u00e9gimen transitorio).<\/td>\n<\/tr>\n<tr>\n<td colspan=\"4\"><strong>Causas objetivas<\/strong><\/td>\n<\/tr>\n<tr>\n<td>Producidos antes del 08-03-2009<\/td>\n<td>20<\/td>\n<td>12<\/td>\n<td>SI<\/td>\n<\/tr>\n<tr>\n<td>Contrato de fomento a la contrataci\u00f3n indefinida celebrados con anterioridad al 12-2-2012 (extinci\u00f3n por causas objetivas, declarada o reconocida como improcedente) (Estatuto de los Trabajadores, disposici\u00f3n transitoria 11\u00aa)<\/td>\n<td>33<\/td>\n<td>24<\/td>\n<td>SI<\/td>\n<\/tr>\n<tr>\n<td>Despido objetivo desde 12-02-2012 (art\u00edculo 52 Estatuto de los Trabajadores excepto letra c)<\/td>\n<td>20<\/td>\n<td>12<\/td>\n<td>SI<\/td>\n<\/tr>\n<tr>\n<td>Despido objetivo por causas econ\u00f3micas, t\u00e9cnicas, organizativas o de producci\u00f3n y fuerza mayor (art. 52.c) Estatuto de los Trabajadores)<\/td>\n<td>20<\/td>\n<td>12<\/td>\n<td>SI: cuant\u00eda obligatoria para el despido improcedente (33 d\u00edas\/24 mensualidades o r\u00e9gimen transitorio).<\/td>\n<\/tr>\n<tr>\n<td><strong>Muerte, invalidez o jubilaci\u00f3n del empresario<\/strong><\/td>\n<td>1 mes en total<\/td>\n<td>NO<\/td>\n<td>SI<\/td>\n<\/tr>\n<tr>\n<td><strong>Contrataci\u00f3n temporal<\/strong><\/td>\n<td>8-12<\/td>\n<td>NO<\/td>\n<td>NO<\/td>\n<\/tr>\n<tr>\n<td colspan=\"4\"><strong>Derivadas de la extinci\u00f3n de relaciones laborales especiales<\/strong><\/td>\n<\/tr>\n<tr>\n<td colspan=\"4\"><em>Personal de alta direcci\u00f3n<\/em><\/td>\n<\/tr>\n<tr>\n<td>Desistimiento del empresario<\/td>\n<td>7<\/td>\n<td>6<\/td>\n<td>SI<\/td>\n<\/tr>\n<tr>\n<td>Despido improcedente<\/td>\n<td>20<\/td>\n<td>12<\/td>\n<td>SI<\/td>\n<\/tr>\n<tr>\n<td><em>Deportistas profesionales<\/em><\/td>\n<td>2 meses<\/td>\n<td>NO<\/td>\n<td>SI<\/td>\n<\/tr>\n<tr>\n<td colspan=\"4\"><em>Empleados del servicio del hogar familiar<\/em><\/td>\n<\/tr>\n<tr>\n<td>Desistimiento con contrato concertado desde 01-01-2012<\/td>\n<td>12<\/td>\n<td>6<\/td>\n<td>SI<\/td>\n<\/tr>\n<tr>\n<td>Desistimiento con contrato concertado antes de 01-01-2012<\/td>\n<td>7<\/td>\n<td>6<\/td>\n<td>SI<\/td>\n<\/tr>\n<tr>\n<td>Despido improcedente<\/td>\n<td>20<\/td>\n<td>12<\/td>\n<td>SI<\/td>\n<\/tr>\n<\/tbody>\n<\/table>\n<p><em>Fuente AEAT<\/em><\/p>\n<p>Pueden ponerse en contacto con este despacho profesional para cualquier duda o aclaraci\u00f3n que puedan tener al respecto.<\/p>\n<p>Un cordial saludo,<\/p>\n","protected":false},"excerpt":{"rendered":"<p>Si la indemnizaci\u00f3n excede de la cantidad obligatoria del Estatuto de los Trabajadores, el exceso tributa como rendimiento del trabajo en el IRPF. Adem\u00e1s, si la relaci\u00f3n laboral dur\u00f3 m\u00e1s de dos a\u00f1os, este exceso puede beneficiarse de una reducci\u00f3n del 30%, aplicable sobre un m\u00e1ximo de 300.000 euros anuales. Sin embargo, si la indemnizaci\u00f3n&hellip;<\/p>\n","protected":false},"author":1,"featured_media":7905,"comment_status":"open","ping_status":"open","sticky":false,"template":"","format":"standard","meta":{"footnotes":""},"categories":[1],"tags":[],"class_list":["post-19385","post","type-post","status-publish","format-standard","has-post-thumbnail","hentry","category-noticias","category-1","description-off"],"_links":{"self":[{"href":"https:\/\/www.csfconsulting.es\/fr\/wp-json\/wp\/v2\/posts\/19385","targetHints":{"allow":["GET"]}}],"collection":[{"href":"https:\/\/www.csfconsulting.es\/fr\/wp-json\/wp\/v2\/posts"}],"about":[{"href":"https:\/\/www.csfconsulting.es\/fr\/wp-json\/wp\/v2\/types\/post"}],"author":[{"embeddable":true,"href":"https:\/\/www.csfconsulting.es\/fr\/wp-json\/wp\/v2\/users\/1"}],"replies":[{"embeddable":true,"href":"https:\/\/www.csfconsulting.es\/fr\/wp-json\/wp\/v2\/comments?post=19385"}],"version-history":[{"count":1,"href":"https:\/\/www.csfconsulting.es\/fr\/wp-json\/wp\/v2\/posts\/19385\/revisions"}],"predecessor-version":[{"id":19386,"href":"https:\/\/www.csfconsulting.es\/fr\/wp-json\/wp\/v2\/posts\/19385\/revisions\/19386"}],"wp:featuredmedia":[{"embeddable":true,"href":"https:\/\/www.csfconsulting.es\/fr\/wp-json\/wp\/v2\/media\/7905"}],"wp:attachment":[{"href":"https:\/\/www.csfconsulting.es\/fr\/wp-json\/wp\/v2\/media?parent=19385"}],"wp:term":[{"taxonomy":"category","embeddable":true,"href":"https:\/\/www.csfconsulting.es\/fr\/wp-json\/wp\/v2\/categories?post=19385"},{"taxonomy":"post_tag","embeddable":true,"href":"https:\/\/www.csfconsulting.es\/fr\/wp-json\/wp\/v2\/tags?post=19385"}],"curies":[{"name":"wp","href":"https:\/\/api.w.org\/{rel}","templated":true}]}}