{"id":20424,"date":"2026-02-25T15:22:06","date_gmt":"2026-02-25T14:22:06","guid":{"rendered":"https:\/\/www.csfconsulting.es\/?p=20424"},"modified":"2026-02-25T15:22:06","modified_gmt":"2026-02-25T14:22:06","slug":"el-riesgo-fiscal-de-subcontratar-la-gestion-de-inmuebles","status":"publish","type":"post","link":"https:\/\/www.csfconsulting.es\/fr\/el-riesgo-fiscal-de-subcontratar-la-gestion-de-inmuebles\/","title":{"rendered":"El riesgo fiscal de subcontratar la gesti\u00f3n de inmuebles"},"content":{"rendered":"<div class=\"summary\">\n<p><strong>Muchas sociedades inmobiliarias se plantean externalizar la gesti\u00f3n para ganar eficiencia, sin tener claro si ello afecta a su calificaci\u00f3n fiscal. El uso de personal propio, la subcontrataci\u00f3n y el control efectivo del negocio son elementos que la Administraci\u00f3n observa con lupa<\/strong>.<\/p>\n<\/div>\n<div class=\"content\">\n<p>Como ya sabr\u00e1, uno de los debates m\u00e1s recurrentes en el \u00e1mbito fiscal inmobiliario es si una sociedad dedicada al arrendamiento de inmuebles desarrolla realmente una actividad econ\u00f3mica o si, por el contrario, se limita a gestionar un patrimonio de forma pasiva.<\/p>\n<p>La respuesta no es menor. De ella dependen cuestiones tan relevantes como el tipo de tributaci\u00f3n, la aplicaci\u00f3n de determinados incentivos fiscales o la propia calificaci\u00f3n de la entidad como patrimonial.<\/p>\n<ul>\n<li><strong>Atenci\u00f3n.<\/strong> No todos los alquileres se consideran actividad econ\u00f3mica, aunque generen ingresos de forma recurrente.<\/li>\n<\/ul>\n<p>La Ley del Impuesto sobre Sociedades define la actividad econ\u00f3mica como la ordenaci\u00f3n por cuenta propia de medios de producci\u00f3n y recursos humanos con la finalidad de intervenir en el mercado.<\/p>\n<p>En el caso espec\u00edfico del arrendamiento de inmuebles, el legislador introdujo un criterio aparentemente sencillo: la utilizaci\u00f3n de, al menos, una persona empleada con contrato laboral y a jornada completa dedicada a esa gesti\u00f3n.<\/p>\n<p>Este requisito busca separar las sociedades que gestionan su patrimonio de forma organizada y profesional de aquellas que se limitan a mantener inmuebles en alquiler sin estructura real.<\/p>\n<p><strong>Personal a jornada completa<\/strong><\/p>\n<p>Tradicionalmente, disponer de una persona contratada a jornada completa y dedicada a la gesti\u00f3n de los arrendamientos ha sido la clave para defender la existencia de actividad econ\u00f3mica.<\/p>\n<p>No se trata solo de tener un contrato laboral, sino de que esa persona realice funciones reales de gesti\u00f3n, como la relaci\u00f3n con inquilinos, la supervisi\u00f3n de contratos, incidencias, cobros o coordinaci\u00f3n de servicios.<\/p>\n<ul>\n<li><strong>Atenci\u00f3n<\/strong>. Un contrato sin funciones reales puede no superar una comprobaci\u00f3n.<\/li>\n<\/ul>\n<p><strong>\u00bfY si la gesti\u00f3n se externaliza?<\/strong><\/p>\n<p>Aqu\u00ed surge la duda pr\u00e1ctica m\u00e1s habitual. Muchas sociedades con carteras inmobiliarias amplias optan por subcontratar la gesti\u00f3n a empresas especializadas, con personal cualificado, estructura propia y experiencia en el mercado.<\/p>\n<p>Desde un punto de vista empresarial, la decisi\u00f3n tiene todo el sentido: mejora la eficiencia, profesionaliza la gesti\u00f3n y permite adaptarse a carteras complejas sin sobredimensionar la plantilla propia.<\/p>\n<p>La cuesti\u00f3n es si esta externalizaci\u00f3n rompe el requisito de actividad econ\u00f3mica.<\/p>\n<p>La DGT, en su consulta vinculante (V1963-25, de 16 de octubre de 2025), \u00a0analiza precisamente este escenario: una sociedad con un volumen relevante de inmuebles que, contando inicialmente con personal propio, plantea subcontratar la gesti\u00f3n a una empresa especializada.<\/p>\n<p>El criterio que se desprende no es r\u00edgido ni autom\u00e1tico. Se admite que, en determinados casos, la subcontrataci\u00f3n puede suplir el requisito formal, siempre que la realidad econ\u00f3mica demuestre que existe una gesti\u00f3n profesional, organizada y orientada al mercado.<\/p>\n<p>No obstante, se insiste en que se trata de una cuesti\u00f3n de hecho, que deber\u00e1 valorarse caso por caso en un eventual procedimiento de comprobaci\u00f3n<\/p>\n<p><strong>La importancia del control y la direcci\u00f3n<\/strong><\/p>\n<p>Un elemento clave en estos supuestos es el grado de control que mantiene la sociedad sobre la gesti\u00f3n externalizada. No basta con contratar a un tercero y desentenderse.<\/p>\n<p>Para sostener que existe actividad econ\u00f3mica, la sociedad debe poder acreditar que:<\/p>\n<ul>\n<li>Decide sobre la estrategia de arrendamiento.<\/li>\n<li>Supervisa la actuaci\u00f3n del gestor externo.<\/li>\n<li>Mantiene la capacidad de direcci\u00f3n y organizaci\u00f3n del patrimonio.<\/li>\n<\/ul>\n<p><strong>Dimensi\u00f3n y complejidad del patrimonio<\/strong><\/p>\n<p>Otro factor relevante es el volumen y la complejidad de los inmuebles arrendados. No es lo mismo gestionar uno o dos inmuebles que una cartera amplia con viviendas, garajes, trasteros y locales.<\/p>\n<p>Cuanto mayor es la dimensi\u00f3n del patrimonio, m\u00e1s razonable resulta justificar una estructura profesional, incluso mediante subcontrataci\u00f3n especializada.<\/p>\n<ul>\n<li><strong>Atenci\u00f3n.<\/strong> La escala del negocio puede jugar a favor o en contra seg\u00fan c\u00f3mo se documente.<\/li>\n<\/ul>\n<p><em>En el arrendamiento de inmuebles, la actividad econ\u00f3mica no se define solo por tener o no empleados propios, sino por la forma real en la que se organiza y dirige la gesti\u00f3n del patrimonio. La subcontrataci\u00f3n a empresas especializadas puede ser compatible con la consideraci\u00f3n de actividad econ\u00f3mica, siempre que exista control, direcci\u00f3n y una gesti\u00f3n profesional coherente con el volumen de inmuebles.<\/em><\/p>\n<p><em>Como en muchos \u00e1mbitos fiscales, la clave est\u00e1 en anticipar el an\u00e1lisis, documentar bien las decisiones y evitar soluciones aparentemente simples que, en una comprobaci\u00f3n, pueden volverse en contra.<\/em><\/p>\n<p>Pueden ponerse en contacto con este despacho profesional para cualquier duda o aclaraci\u00f3n que puedan tener al respecto.<\/p>\n<p>Un cordial saludo,<\/p>\n<\/div>\n","protected":false},"excerpt":{"rendered":"<p>Muchas sociedades inmobiliarias se plantean externalizar la gesti\u00f3n para ganar eficiencia, sin tener claro si ello afecta a su calificaci\u00f3n fiscal. El uso de personal propio, la subcontrataci\u00f3n y el control efectivo del negocio son elementos que la Administraci\u00f3n observa con lupa. Como ya sabr\u00e1, uno de los debates m\u00e1s recurrentes en el \u00e1mbito fiscal&hellip;<\/p>\n","protected":false},"author":7,"featured_media":20425,"comment_status":"open","ping_status":"open","sticky":false,"template":"","format":"standard","meta":{"footnotes":""},"categories":[1],"tags":[],"class_list":["post-20424","post","type-post","status-publish","format-standard","has-post-thumbnail","hentry","category-noticias","category-1","description-off"],"_links":{"self":[{"href":"https:\/\/www.csfconsulting.es\/fr\/wp-json\/wp\/v2\/posts\/20424","targetHints":{"allow":["GET"]}}],"collection":[{"href":"https:\/\/www.csfconsulting.es\/fr\/wp-json\/wp\/v2\/posts"}],"about":[{"href":"https:\/\/www.csfconsulting.es\/fr\/wp-json\/wp\/v2\/types\/post"}],"author":[{"embeddable":true,"href":"https:\/\/www.csfconsulting.es\/fr\/wp-json\/wp\/v2\/users\/7"}],"replies":[{"embeddable":true,"href":"https:\/\/www.csfconsulting.es\/fr\/wp-json\/wp\/v2\/comments?post=20424"}],"version-history":[{"count":1,"href":"https:\/\/www.csfconsulting.es\/fr\/wp-json\/wp\/v2\/posts\/20424\/revisions"}],"predecessor-version":[{"id":20426,"href":"https:\/\/www.csfconsulting.es\/fr\/wp-json\/wp\/v2\/posts\/20424\/revisions\/20426"}],"wp:featuredmedia":[{"embeddable":true,"href":"https:\/\/www.csfconsulting.es\/fr\/wp-json\/wp\/v2\/media\/20425"}],"wp:attachment":[{"href":"https:\/\/www.csfconsulting.es\/fr\/wp-json\/wp\/v2\/media?parent=20424"}],"wp:term":[{"taxonomy":"category","embeddable":true,"href":"https:\/\/www.csfconsulting.es\/fr\/wp-json\/wp\/v2\/categories?post=20424"},{"taxonomy":"post_tag","embeddable":true,"href":"https:\/\/www.csfconsulting.es\/fr\/wp-json\/wp\/v2\/tags?post=20424"}],"curies":[{"name":"wp","href":"https:\/\/api.w.org\/{rel}","templated":true}]}}