{"id":20433,"date":"2026-02-25T15:29:20","date_gmt":"2026-02-25T14:29:20","guid":{"rendered":"https:\/\/www.csfconsulting.es\/?p=20433"},"modified":"2026-02-25T15:29:20","modified_gmt":"2026-02-25T14:29:20","slug":"que-hacer-cuando-la-comunidad-de-propietarios-quiere-retirar-la-terraza-de-su-negocio","status":"publish","type":"post","link":"https:\/\/www.csfconsulting.es\/fr\/que-hacer-cuando-la-comunidad-de-propietarios-quiere-retirar-la-terraza-de-su-negocio\/","title":{"rendered":"\u00bfQu\u00e9 hacer cuando la comunidad de propietarios quiere retirar la terraza de su negocio?"},"content":{"rendered":"<div class=\"summary\">\n<p><strong>No siempre es evidente qui\u00e9n debe responder cuando un negocio ocupa una zona com\u00fan. La autorizaci\u00f3n municipal y el permiso de la comunidad no son lo mismo, y esta diferencia es clave. El uso de elementos comunes por negocios genera conflictos recurrentes que ahora tienen un criterio claro. Se lo explicamos\u2026<\/strong><\/p>\n<\/div>\n<div class=\"content\">\n<p>Cuando un bar (o cualquier negocio) coloca mesas, sillas o mobiliario en una zona que pertenece a la comunidad, la pregunta es siempre la misma: \u00bfa qui\u00e9n puede reclamar la comunidad&#8230; al propietario del local o al inquilino que lo explota?<\/p>\n<p>El Tribunal Supremo en su sentencia 42\/2026 de 20 de enero de 2026 lo deja bastante claro: se puede demandar a ambos, porque quien est\u00e1 ocupando materialmente el elemento com\u00fan -y puede retirarlo- tambi\u00e9n debe estar en el pleito o juicio.<\/p>\n<ul>\n<li><strong>Atenci\u00f3n.<\/strong> Si el mobiliario es del inquilino, tiene sentido que la condena le alcance directamente, porque as\u00ed la sentencia se puede ejecutar de verdad.<\/li>\n<\/ul>\n<p><strong>\u00bfA qui\u00e9n puede demandar la comunidad?<\/strong><\/p>\n<p>Aunque las obligaciones t\u00edpicas de la Ley de Propiedad Horizontal se dirigen al propietario, en este caso el Supremo confirma que el arrendatario puede ser demandado si es quien ocupa la zona com\u00fan con su terraza.<\/p>\n<p>Dicho de forma llana: si t\u00fa lo pones, t\u00fa lo quitas (sin perjuicio de lo que responda el propietario frente a la comunidad).<\/p>\n<p>No vale esconderse detr\u00e1s del \u00ab\u00a0yo solo soy inquilino\u00a0\u00bb cuando el uso lo est\u00e1 realizando quien explota el negocio.<\/p>\n<p><strong>Licencia municipal no es lo mismo que autorizaci\u00f3n de la comunidad<\/strong><\/p>\n<p>Esto es un cl\u00e1sico. Un negocio puede tener autorizaci\u00f3n municipal para terraza, pero eso no convierte autom\u00e1ticamente una zona comunitaria en espacio disponible.<\/p>\n<p>La sentencia recuerda la idea pr\u00e1ctica: hay dos planos distintos:<\/p>\n<ul>\n<li>El administrativo (licencia)<\/li>\n<li>Y el comunitario (autorizaci\u00f3n de la finca)<\/li>\n<\/ul>\n<p>Si la comunidad revoca el consentimiento (o no lo concede), la terraza en elemento com\u00fan puede quedar fuera.<\/p>\n<ul>\n<li><strong>Atenci\u00f3n.<\/strong> La licencia del Ayuntamiento no \u00ab\u00a0cura\u00a0\u00bb la falta de permiso comunitario para usar un elemento com\u00fan.<\/li>\n<\/ul>\n<p><strong>Impugnaci\u00f3n del\u00a0 acuerdo de la comunidad<\/strong><\/p>\n<p>Otro punto muy \u00fatil: cuando hay un acuerdo comunitario (por ejemplo, retirar una autorizaci\u00f3n de terraza), ese acuerdo tiene que impugnarse en plazo por quien est\u00e1 legitimado.<\/p>\n<p>Y aqu\u00ed viene lo importante: quien suele estar legitimado para impugnar es el propietario (no el inquilino). Si el propietario no mueve ficha, el acuerdo se vuelve firme y despu\u00e9s es mucho m\u00e1s dif\u00edcil discutirlo \u00ab\u00a0por la puerta de atr\u00e1s\u00a0\u00bb.<\/p>\n<ul>\n<li><strong>Atenci\u00f3n.<\/strong> Si es propietario de un local y le afecta un acuerdo, no lo deje pasar \u00ab\u00a0a ver qu\u00e9 ocurre\u00a0\u00bb, porque luego la defensa se estrecha.<\/li>\n<\/ul>\n<p><strong>\u00bfQu\u00e9 deben hacer comunidades y negocios?<\/strong><\/p>\n<p><strong>Si representas a una comunidad de propietarios<\/strong><\/p>\n<ul>\n<li>Documenta el acuerdo y comun\u00edcalo bien.<\/li>\n<li>Requiere por escrito la retirada.<\/li>\n<li>Si no se cumple, plantea la demanda incorporando a propietario e inquilino para que la soluci\u00f3n sea ejecutable.<\/li>\n<\/ul>\n<p>Demandar solo al propietario puede complicar la ejecuci\u00f3n si quien tiene el mobiliario y lo usa cada d\u00eda es el arrendatario.<\/p>\n<p><strong>Si es propietario de un local<\/strong><\/p>\n<ul>\n<li>Si un acuerdo le perjudica, valore impugnarlo en plazo.<\/li>\n<li>No lo deje en manos del inquilino: el inquilino normalmente no puede impugnar por s\u00ed solo.<\/li>\n<\/ul>\n<p>Si no impugnas, el acuerdo puede quedar firme y arrastrar despu\u00e9s al inquilino, aunque proteste.<\/p>\n<p><strong>Si explota un bar como inquilino<\/strong><\/p>\n<ul>\n<li>No des por hecho que \u00ab\u00a0siempre se ha hecho as\u00ed\u00a0\u00bb te protege.<\/li>\n<li>Si llega un requerimiento, no lo ignores: puede acabar en condena directa.<\/li>\n<\/ul>\n<p>Si sigue ocupando tras el aviso, el pleito se endurece y la comunidad gana fuerza.<\/p>\n<p>Este tipo de conflictos, cuando se dejan \u00ab\u00a0cocer\u00a0\u00bb, acaban siendo m\u00e1s caros y m\u00e1s tensos de lo necesario. La diferencia entre resolverlo con orden o terminar en una sentencia suele estar en lo b\u00e1sico: acuerdos claros, notificaciones bien hechas y una estrategia procesal que no deje fuera a quien realmente est\u00e1 ocupando el espacio.<\/p>\n<p><em>Si necesita revisar un caso (acuerdo de junta, notificaci\u00f3n, burofaxes, licencia municipal, plano de la zona com\u00fan, contrato de arrendamiento o estatutos), lo habitual es que en una primera revisi\u00f3n podamos decirle si la comunidad est\u00e1 bien armada para reclamar o si el negocio a\u00fan est\u00e1 a tiempo de reconducirlo sin meterse en un procedimiento largo.<\/em><\/p>\n<p>Pueden ponerse en contacto con este despacho profesional para cualquier duda o aclaraci\u00f3n que puedan tener al respecto.<\/p>\n<p>Un cordial saludo,<\/p>\n<\/div>\n","protected":false},"excerpt":{"rendered":"<p>No siempre es evidente qui\u00e9n debe responder cuando un negocio ocupa una zona com\u00fan. La autorizaci\u00f3n municipal y el permiso de la comunidad no son lo mismo, y esta diferencia es clave. El uso de elementos comunes por negocios genera conflictos recurrentes que ahora tienen un criterio claro. Se lo explicamos\u2026 Cuando un bar (o&hellip;<\/p>\n","protected":false},"author":7,"featured_media":20434,"comment_status":"open","ping_status":"open","sticky":false,"template":"","format":"standard","meta":{"footnotes":""},"categories":[1],"tags":[],"class_list":["post-20433","post","type-post","status-publish","format-standard","has-post-thumbnail","hentry","category-noticias","category-1","description-off"],"_links":{"self":[{"href":"https:\/\/www.csfconsulting.es\/fr\/wp-json\/wp\/v2\/posts\/20433","targetHints":{"allow":["GET"]}}],"collection":[{"href":"https:\/\/www.csfconsulting.es\/fr\/wp-json\/wp\/v2\/posts"}],"about":[{"href":"https:\/\/www.csfconsulting.es\/fr\/wp-json\/wp\/v2\/types\/post"}],"author":[{"embeddable":true,"href":"https:\/\/www.csfconsulting.es\/fr\/wp-json\/wp\/v2\/users\/7"}],"replies":[{"embeddable":true,"href":"https:\/\/www.csfconsulting.es\/fr\/wp-json\/wp\/v2\/comments?post=20433"}],"version-history":[{"count":1,"href":"https:\/\/www.csfconsulting.es\/fr\/wp-json\/wp\/v2\/posts\/20433\/revisions"}],"predecessor-version":[{"id":20435,"href":"https:\/\/www.csfconsulting.es\/fr\/wp-json\/wp\/v2\/posts\/20433\/revisions\/20435"}],"wp:featuredmedia":[{"embeddable":true,"href":"https:\/\/www.csfconsulting.es\/fr\/wp-json\/wp\/v2\/media\/20434"}],"wp:attachment":[{"href":"https:\/\/www.csfconsulting.es\/fr\/wp-json\/wp\/v2\/media?parent=20433"}],"wp:term":[{"taxonomy":"category","embeddable":true,"href":"https:\/\/www.csfconsulting.es\/fr\/wp-json\/wp\/v2\/categories?post=20433"},{"taxonomy":"post_tag","embeddable":true,"href":"https:\/\/www.csfconsulting.es\/fr\/wp-json\/wp\/v2\/tags?post=20433"}],"curies":[{"name":"wp","href":"https:\/\/api.w.org\/{rel}","templated":true}]}}